{"id":9881,"date":"2023-09-28T10:18:14","date_gmt":"2023-09-28T10:18:14","guid":{"rendered":"https:\/\/estudiodaes.es\/?p=9881"},"modified":"2023-09-28T11:46:54","modified_gmt":"2023-09-28T11:46:54","slug":"feria-habitat-2023","status":"publish","type":"post","link":"https:\/\/estudiodaes.es\/en\/feria-habitat-2023\/","title":{"rendered":"NOVEDADES FERIA HABITAT 2023"},"content":{"rendered":"<p>Feria H\u00e1bitat 2023 Valencia es el principal\u00a0<strong>escaparate internacional<\/strong>\u00a0de la industria espa\u00f1ola del h\u00e1bitat con una amplia oferta de\u00a0<strong>mueble, iluminaci\u00f3n, decoraci\u00f3n, tapizado y descanso.<\/strong> Cada a\u00f1o re\u00fane a\u00a0<strong>m\u00e1s de 600 firmas nacionales e internacionales<\/strong>\u00a0y en su \u00faltima edici\u00f3n acogi\u00f3 m\u00e1s de\u00a0<strong>48.000 visitantes<\/strong>\u00a0profesionales procedentes\u00a0<strong>de 70 pa\u00edses<\/strong>, y nosotros un a\u00f1o m\u00e1s, hemos estado presentes descubriendo las novedades que nos trae el sector.<\/p>\n\n\n\n<p>Reforzando as\u00ed la\u00a0<strong>vinculaci\u00f3n de la multinacional espa\u00f1ola con el mundo del dise\u00f1o, el interiorismo y la decoraci\u00f3n<\/strong>, firmas como\u00a0<strong>Mega Mobiliario, Andreu World, Expormim, Isimar, Belta Frajumar, Costera Mobles o M\u00f6wee, entre muchas otras<\/strong>, utilizaron las superficies de Cosentino para revestir y componer\u00a0<strong>piezas de mobiliario llenas de belleza y alto rendimiento<\/strong>. <\/p>\n\n\n\n<p>Los expositores han destacado de forma especial la alta capacidad de negocio generado durante los d\u00edas de feria, especialmente en el \u00e1mbito del\u00a0<strong>contract internacional<\/strong>. De hecho, el principal estudio norteamericano de arquitectura ha estado estos d\u00edas en Val\u00e8ncia buscando proveedores, al igual que la pr\u00e1ctica totalidad de las principales cadenas hoteleras. Por ejemplo, un expositor valenciano ha confirmado en feria un proyecto de amueblamiento de mil habitaciones de un nuevo complejo hotelero. <\/p>\n\n\n\n<p>El director de Feria H\u00e1bitat Val\u00e8ncia,&nbsp;<strong>Daniel Marco<\/strong>, ha calificado de&nbsp;<em>\u201c\u00e9xito\u201d&nbsp;<\/em>la convocatoria de este a\u00f1o y ha querido destacar&nbsp;<em>\u201cel gran nivel, calidad, innovaci\u00f3n y dise\u00f1o de las propuestas de nuestros expositores. Ten\u00edamos el reto este a\u00f1o no solo de crecer de forma cuantitativa en nuestra oferta sino en ofrecer a nuestro visitante profesional lo mejor que la industria de nuestro pa\u00eds puede ofrecer\u201d.<\/em>&nbsp;<\/p>\n\n\n\n<h3 class=\"wp-block-heading\">COSENTINO EN FERIA HABITAT 2023<\/h3>\n\n\n\n<p>La piedra ultracompacta\u00a0<strong><a href=\"https:\/\/www.cosentino.com\/es\/dekton\/\" target=\"_blank\" rel=\"noopener\">Dekton<\/a> ha sido la escogida por la pr\u00e1ctica totalidad de empresas<\/strong>\u00a0como revestimiento para cubrir armarios, aparadores o mesas de cocina y sal\u00f3n.\u00a0Estas son las 21 empresas que utilizaron producto de Cosentino en H\u00e1bitat Valencia:<\/p>\n\n\n\n<p>Evanyrouse, Tadel Grup, Kanem Mobiliario, Tabou Design, Belta Frajumar, Joquer, Oiside, Bivaq, Mobliberica, Costera Mobles, Isimar, Pure designs by KuyDise\u00f1, Expormim, M\u00f6wee (Espa\u00f1a), Nacher (Espa\u00f1a), Mega Mobiliario (Espa\u00f1a), Treku (Espa\u00f1a), Trebol Contract (Espa\u00f1a), Andreu World, Gamamobel, Punt Mobles<\/p>\n\n\n\n<figure class=\"wp-block-image size-full is-resized\"><a href=\"https:\/\/estudiodaes.es\/wp-content\/uploads\/2023\/09\/OISIE-FERIA-HABITAT.jpeg\"><img loading=\"lazy\" decoding=\"async\" src=\"https:\/\/estudiodaes.es\/wp-content\/uploads\/2023\/09\/OISIE-FERIA-HABITAT.jpeg\" alt=\"\" class=\"wp-image-9884\" style=\"width:838px;height:817px\" width=\"838\" height=\"817\" title=\"\" srcset=\"https:\/\/estudiodaes.es\/wp-content\/uploads\/2023\/09\/OISIE-FERIA-HABITAT.jpeg 700w, https:\/\/estudiodaes.es\/wp-content\/uploads\/2023\/09\/OISIE-FERIA-HABITAT-411x400.jpeg 411w\" sizes=\"auto, (max-width: 838px) 100vw, 838px\" \/><\/a><\/figure>\n\n\n\n<p>A ellas hay que unir tambi\u00e9n la participaci\u00f3n de Cosentino revistiendo la&nbsp;<strong>encimera de la isla de cocina<\/strong>&nbsp;que presid\u00eda el&nbsp;<strong>stand informativo de la&nbsp;AMC<\/strong>&nbsp;(Asociaci\u00f3n de Mobiliario de Cocina), donde la entidad promocionaba la pr\u00f3xima edici\u00f3n de Espacio Cocina SICI. El sal\u00f3n bienal de la cocina en el que participar\u00e1 Cosentino, y que tendr\u00e1 lugar en oto\u00f1o de 2024, junto a la feria H\u00e1bitat.<\/p>\n\n\n\n<figure class=\"wp-block-image size-full is-resized\"><a href=\"https:\/\/estudiodaes.es\/wp-content\/uploads\/2023\/09\/BIENAL-FERIA-HABITAT.jpeg\"><img loading=\"lazy\" decoding=\"async\" src=\"https:\/\/estudiodaes.es\/wp-content\/uploads\/2023\/09\/BIENAL-FERIA-HABITAT.jpeg\" alt=\"\" class=\"wp-image-9885\" style=\"width:843px;height:632px\" width=\"843\" height=\"632\" title=\"\" srcset=\"https:\/\/estudiodaes.es\/wp-content\/uploads\/2023\/09\/BIENAL-FERIA-HABITAT.jpeg 700w, https:\/\/estudiodaes.es\/wp-content\/uploads\/2023\/09\/BIENAL-FERIA-HABITAT-533x400.jpeg 533w\" sizes=\"auto, (max-width: 843px) 100vw, 843px\" \/><\/a><\/figure>\n\n\n\n<h3 class=\"wp-block-heading\">NOVEDADES CASA DECOR EN FERIA HABITAT<\/h3>\n\n\n\n<p><a href=\"https:\/\/casadecor.es\/\" target=\"_blank\" rel=\"noopener\">Casa Decor<\/a> tampoco quiso faltar a su cita con uno de los eventos de dise\u00f1o m\u00e1s importantes de nuestro pa\u00eds para conocer \u00abin situ\u00bb las\u00a0<strong>tendencias y novedades en el sector del equipamiento del hogar.<\/strong><\/p>\n\n\n\n<p>\u00abCon Feria H\u00e1bitat Val\u00e8ncia nos unen a\u00f1os de relaci\u00f3n y ambas plataformas tenemos un acuerdo de comunicaci\u00f3n para darnos apoyo y visibilidad.\u00bb Por supuesto, tambi\u00e9n estuvieron all\u00ed muchas de las empresas participantes en Casa Decor 2023. Ahora os repasamos las propuestas de algunas \u00a0<strong>marcas de mobiliario y\u00a0decoraci\u00f3n,<\/strong>\u00a0as\u00ed como los dise\u00f1os desarrollados por\u00a0<strong>profesionales<\/strong>\u00a0que tambi\u00e9n estuvieron en la pasada edici\u00f3n.<\/p>\n\n\n\n<figure class=\"wp-block-image size-full\"><a href=\"https:\/\/estudiodaes.es\/wp-content\/uploads\/2023\/09\/IN-OUT.jpeg\"><img loading=\"lazy\" decoding=\"async\" width=\"900\" height=\"600\" src=\"https:\/\/estudiodaes.es\/wp-content\/uploads\/2023\/09\/IN-OUT.jpeg\" alt=\"\" class=\"wp-image-9886\" title=\"\" srcset=\"https:\/\/estudiodaes.es\/wp-content\/uploads\/2023\/09\/IN-OUT.jpeg 900w, https:\/\/estudiodaes.es\/wp-content\/uploads\/2023\/09\/IN-OUT-600x400.jpeg 600w, https:\/\/estudiodaes.es\/wp-content\/uploads\/2023\/09\/IN-OUT-768x512.jpeg 768w\" sizes=\"auto, (max-width: 900px) 100vw, 900px\" \/><\/a><\/figure>\n\n\n\n<p>Como en las anteriores ediciones, el grupo Mobliberica asisti\u00f3 a Feria H\u00e1bitat para mostrar sus \u00faltimas novedades.<\/p>\n\n\n\n<figure class=\"wp-block-image size-full is-resized\"><a href=\"https:\/\/estudiodaes.es\/wp-content\/uploads\/2023\/09\/MOBLIBERICA-MUSOLA.jpeg\"><img loading=\"lazy\" decoding=\"async\" src=\"https:\/\/estudiodaes.es\/wp-content\/uploads\/2023\/09\/MOBLIBERICA-MUSOLA.jpeg\" alt=\"\" class=\"wp-image-9887\" style=\"width:840px;height:655px\" width=\"840\" height=\"655\" title=\"\" srcset=\"https:\/\/estudiodaes.es\/wp-content\/uploads\/2023\/09\/MOBLIBERICA-MUSOLA.jpeg 900w, https:\/\/estudiodaes.es\/wp-content\/uploads\/2023\/09\/MOBLIBERICA-MUSOLA-513x400.jpeg 513w, https:\/\/estudiodaes.es\/wp-content\/uploads\/2023\/09\/MOBLIBERICA-MUSOLA-768x599.jpeg 768w\" sizes=\"auto, (max-width: 840px) 100vw, 840px\" \/><\/a><\/figure>\n\n\n\n<p><strong>Musola,<\/strong>&nbsp;la marca de producto para exterior de Mobliberica, tambi\u00e9n nos descubri\u00f3 sus novedades: la colecci\u00f3n de sillas&nbsp;<strong><em>Baga<\/em>,<\/strong>&nbsp;las tumbonas&nbsp;<strong><em>Mel<\/em>&nbsp;<\/strong>y alfombra&nbsp;<em><strong>Milpa.<\/strong>&nbsp;Sobre estas l\u00edneas, el columpio&nbsp;<strong>Niu.<\/strong><\/em><\/p>\n\n\n<div class=\"wp-block-image\">\n<figure class=\"aligncenter size-large is-resized\"><a href=\"https:\/\/estudiodaes.es\/wp-content\/uploads\/2023\/09\/LDK-Living-Outdoors.jpeg\"><img loading=\"lazy\" decoding=\"async\" src=\"https:\/\/estudiodaes.es\/wp-content\/uploads\/2023\/09\/LDK-Living-Outdoors-802x800.jpeg\" alt=\"\" class=\"wp-image-9888\" style=\"width:840px;height:838px\" width=\"840\" height=\"838\" title=\"\" srcset=\"https:\/\/estudiodaes.es\/wp-content\/uploads\/2023\/09\/LDK-Living-Outdoors-802x800.jpeg 802w, https:\/\/estudiodaes.es\/wp-content\/uploads\/2023\/09\/LDK-Living-Outdoors-401x400.jpeg 401w, https:\/\/estudiodaes.es\/wp-content\/uploads\/2023\/09\/LDK-Living-Outdoors-280x280.jpeg 280w, https:\/\/estudiodaes.es\/wp-content\/uploads\/2023\/09\/LDK-Living-Outdoors-768x766.jpeg 768w, https:\/\/estudiodaes.es\/wp-content\/uploads\/2023\/09\/LDK-Living-Outdoors.jpeg 900w\" sizes=\"auto, (max-width: 840px) 100vw, 840px\" \/><\/a><\/figure>\n<\/div>\n\n\n<p>El taburete alto&nbsp;<em><strong>Nao,<\/strong><\/em>&nbsp;de fundici\u00f3n de aluminio y teca FSC, y coj\u00edn en espuma reticulada en el asiento fue otro de los lanzamientos que la firma llev\u00f3 a Valencia, as\u00ed como las camas individuales<em><strong>&nbsp;Khat<\/strong><\/em>, con bastidor de aluminio en color grafito y nuevos parasoles.<\/p>\n\n\n\n<figure class=\"wp-block-image size-large is-resized\"><a href=\"https:\/\/estudiodaes.es\/wp-content\/uploads\/2023\/09\/TABURETE-NAO.jpeg\"><img loading=\"lazy\" decoding=\"async\" src=\"https:\/\/estudiodaes.es\/wp-content\/uploads\/2023\/09\/TABURETE-NAO-800x800.jpeg\" alt=\"\" class=\"wp-image-9890\" style=\"width:842px;height:842px\" width=\"842\" height=\"842\" title=\"\" srcset=\"https:\/\/estudiodaes.es\/wp-content\/uploads\/2023\/09\/TABURETE-NAO-800x800.jpeg 800w, https:\/\/estudiodaes.es\/wp-content\/uploads\/2023\/09\/TABURETE-NAO-400x400.jpeg 400w, https:\/\/estudiodaes.es\/wp-content\/uploads\/2023\/09\/TABURETE-NAO-280x280.jpeg 280w, https:\/\/estudiodaes.es\/wp-content\/uploads\/2023\/09\/TABURETE-NAO-768x768.jpeg 768w, https:\/\/estudiodaes.es\/wp-content\/uploads\/2023\/09\/TABURETE-NAO.jpeg 900w\" sizes=\"auto, (max-width: 842px) 100vw, 842px\" \/><\/a><\/figure>\n\n\n\n<p>La firma&nbsp;<strong>Jannelli &amp; Volpi,<\/strong>&nbsp;junto con el dise\u00f1ador Alessandro Enr\u00edquez, ha creado&nbsp;<em>ENRIQUEZLAND<\/em>, una colecci\u00f3n de&nbsp;<strong>papeles pintados&nbsp;de estilo pop y muy coloridos,<\/strong>&nbsp;que re\u00fane los gr\u00e1ficos m\u00e1s ic\u00f3nicos del dise\u00f1ador italiano: corazones, flores, atm\u00f3sferas italianas\u2026 Un ejemplo es el modelo&nbsp;<strong><em>Amalfi<\/em><\/strong>&nbsp;que vemos sobre estas l\u00edneas.<\/p>\n\n\n\n<figure class=\"wp-block-image size-full\"><a href=\"https:\/\/estudiodaes.es\/wp-content\/uploads\/2023\/09\/JANELLI-Y-VELPIA.jpeg\"><img loading=\"lazy\" decoding=\"async\" width=\"900\" height=\"728\" src=\"https:\/\/estudiodaes.es\/wp-content\/uploads\/2023\/09\/JANELLI-Y-VELPIA.jpeg\" alt=\"\" class=\"wp-image-9892\" title=\"\" srcset=\"https:\/\/estudiodaes.es\/wp-content\/uploads\/2023\/09\/JANELLI-Y-VELPIA.jpeg 900w, https:\/\/estudiodaes.es\/wp-content\/uploads\/2023\/09\/JANELLI-Y-VELPIA-495x400.jpeg 495w, https:\/\/estudiodaes.es\/wp-content\/uploads\/2023\/09\/JANELLI-Y-VELPIA-768x621.jpeg 768w\" sizes=\"auto, (max-width: 900px) 100vw, 900px\" \/><\/a><\/figure>\n\n\n\n<h3 class=\"wp-block-heading\">JOANA FERN\u00c1NDEZ<\/h3>\n\n\n\n<p>Para reflexionar sobre el dise\u00f1o aplicado al bienestar de las personas, han pasado por los micr\u00f3fonos de Jana Fern\u00e1ndez representantes de marcas como Actiu, Arqueha, Sim\u00f3n, EcoCero y GreenArea y profesionales como Anna Ferrer de CU4 Arquitectura, especialista en la acreditaci\u00f3n WELL, que mide una serie de par\u00e1metros para determinar el nivel de bienestar del interior de los edificios. Estos incluyen la iluminaci\u00f3n y la temperatura, pero tambi\u00e9n otras cuestiones como el bienestar emocional y el nivel de movimiento de las personas, por citar algunos.<\/p>\n\n\n\n<figure class=\"wp-block-image size-large\"><a href=\"https:\/\/estudiodaes.es\/wp-content\/uploads\/2023\/09\/Divulgadora-Jana-Fernandez.jpeg\"><img loading=\"lazy\" decoding=\"async\" width=\"1200\" height=\"800\" src=\"https:\/\/estudiodaes.es\/wp-content\/uploads\/2023\/09\/Divulgadora-Jana-Fernandez-1200x800.jpeg\" alt=\"\" class=\"wp-image-9882\" title=\"\" srcset=\"https:\/\/estudiodaes.es\/wp-content\/uploads\/2023\/09\/Divulgadora-Jana-Fernandez-1200x800.jpeg 1200w, https:\/\/estudiodaes.es\/wp-content\/uploads\/2023\/09\/Divulgadora-Jana-Fernandez-600x400.jpeg 600w, https:\/\/estudiodaes.es\/wp-content\/uploads\/2023\/09\/Divulgadora-Jana-Fernandez-768x512.jpeg 768w, https:\/\/estudiodaes.es\/wp-content\/uploads\/2023\/09\/Divulgadora-Jana-Fernandez-1536x1024.jpeg 1536w, https:\/\/estudiodaes.es\/wp-content\/uploads\/2023\/09\/Divulgadora-Jana-Fernandez.jpeg 1620w\" sizes=\"auto, (max-width: 1200px) 100vw, 1200px\" \/><\/a><\/figure>","protected":false},"excerpt":{"rendered":"<p>Feria H\u00e1bitat 2023 Valencia es el principal\u00a0escaparate internacional\u00a0de la industria espa\u00f1ola del h\u00e1bitat con una amplia oferta de\u00a0mueble, iluminaci\u00f3n, decoraci\u00f3n, tapizado y descanso. Cada a\u00f1o re\u00fane a\u00a0m\u00e1s de 600 firmas nacionales e internacionales\u00a0y en su \u00faltima edici\u00f3n acogi\u00f3 m\u00e1s de\u00a048.000 visitantes\u00a0profesionales procedentes\u00a0de 70 pa\u00edses, y nosotros un a\u00f1o m\u00e1s, hemos estado presentes descubriendo las novedades [&#8230;]\n","protected":false},"author":1,"featured_media":9896,"comment_status":"closed","ping_status":"open","sticky":false,"template":"","format":"standard","meta":{"footnotes":""},"categories":[222,17],"tags":[],"class_list":["post-9881","post","type-post","status-publish","format-standard","has-post-thumbnail","hentry","category-decoracion-interior","category-estilo"],"_links":{"self":[{"href":"https:\/\/estudiodaes.es\/en\/wp-json\/wp\/v2\/posts\/9881","targetHints":{"allow":["GET"]}}],"collection":[{"href":"https:\/\/estudiodaes.es\/en\/wp-json\/wp\/v2\/posts"}],"about":[{"href":"https:\/\/estudiodaes.es\/en\/wp-json\/wp\/v2\/types\/post"}],"author":[{"embeddable":true,"href":"https:\/\/estudiodaes.es\/en\/wp-json\/wp\/v2\/users\/1"}],"replies":[{"embeddable":true,"href":"https:\/\/estudiodaes.es\/en\/wp-json\/wp\/v2\/comments?post=9881"}],"version-history":[{"count":8,"href":"https:\/\/estudiodaes.es\/en\/wp-json\/wp\/v2\/posts\/9881\/revisions"}],"predecessor-version":[{"id":9899,"href":"https:\/\/estudiodaes.es\/en\/wp-json\/wp\/v2\/posts\/9881\/revisions\/9899"}],"wp:featuredmedia":[{"embeddable":true,"href":"https:\/\/estudiodaes.es\/en\/wp-json\/wp\/v2\/media\/9896"}],"wp:attachment":[{"href":"https:\/\/estudiodaes.es\/en\/wp-json\/wp\/v2\/media?parent=9881"}],"wp:term":[{"taxonomy":"category","embeddable":true,"href":"https:\/\/estudiodaes.es\/en\/wp-json\/wp\/v2\/categories?post=9881"},{"taxonomy":"post_tag","embeddable":true,"href":"https:\/\/estudiodaes.es\/en\/wp-json\/wp\/v2\/tags?post=9881"}],"curies":[{"name":"wp","href":"https:\/\/api.w.org\/{rel}","templated":true}]}}