{"id":9206,"date":"2022-10-07T12:34:16","date_gmt":"2022-10-07T12:34:16","guid":{"rendered":"https:\/\/estudiodaes.es\/?p=9206"},"modified":"2022-10-07T12:36:24","modified_gmt":"2022-10-07T12:36:24","slug":"novedades-cersaie-2022","status":"publish","type":"post","link":"https:\/\/estudiodaes.es\/en\/novedades-cersaie-2022\/","title":{"rendered":"NOVEDADES CERSAIE 2022"},"content":{"rendered":"<p>La 39\u00aa edici\u00f3n de&nbsp;<strong>Cersaie&nbsp;<\/strong>volvi\u00f3 a evidenciar su&nbsp;<strong>poder de convocatoria y durante la semana pasada logr\u00f3 congregar en BolognaFiere a 91.296 visitantes en sus cinco jornadas<\/strong>. Esta cifra, supone un aumento de alrededor del 50% en comparaci\u00f3n con la edici\u00f3n del a\u00f1o pasado, que supuso uno de los primeros retornos de una feria importante en el dif\u00edcil periodo pospand\u00e9mico.<\/p>\n\n\n\n<p>Los buenos resultados cuantitativos del evento confirman las impresiones de los empresarios del Tile of Spain consultados durante la feria. Los 91.296 asistentes se acercan ya a los niveles de 2019, cuando se alcanz\u00f3 la cifra de 112.340 visitantes. Los\u00a0<strong>profesionales extranjeros ascendieron a 44.215<\/strong>, es decir, el 48,4% del total, mientras que los italianos fueron 47.081.<\/p>\n\n\n\n<p>Las novedades Cersaie han sido muchas y vamos a hacer un breve resumen de algunas de ellas.<\/p>\n\n\n\n<figure class=\"wp-block-image size-full\"><a href=\"https:\/\/estudiodaes.es\/wp-content\/uploads\/2022\/10\/CERSAIE-2022.jpeg\"><img loading=\"lazy\" decoding=\"async\" width=\"1024\" height=\"683\" src=\"https:\/\/estudiodaes.es\/wp-content\/uploads\/2022\/10\/CERSAIE-2022.jpeg\" alt=\"\" class=\"wp-image-9214\" title=\"\" srcset=\"https:\/\/estudiodaes.es\/wp-content\/uploads\/2022\/10\/CERSAIE-2022.jpeg 1024w, https:\/\/estudiodaes.es\/wp-content\/uploads\/2022\/10\/CERSAIE-2022-600x400.jpeg 600w, https:\/\/estudiodaes.es\/wp-content\/uploads\/2022\/10\/CERSAIE-2022-768x512.jpeg 768w\" sizes=\"auto, (max-width: 1024px) 100vw, 1024px\" \/><\/a><\/figure>\n\n\n\n<p>Hay que recordar que participaron\u00a0<strong>624 empresas expositoras<\/strong>\u00a0distribuidas en los\u00a0<strong>15 pabellones\u00a0<\/strong>del recinto ferial de Bolonia ocupados al completo \u2014equivalente a una\u00a0<strong>superficie total de 140.000 metros cuadrados<\/strong>\u2014. De estas empresas 354 pertenec\u00edan al sector de las baldosas cer\u00e1micas, 88 al de mobiliario de ba\u00f1o y 183 al de solado y alicatado, materias primas, nuevas superficies y servicios. Una exposici\u00f3n con una fuerte connotaci\u00f3n internacional, confirmada por los 237 expositores extranjeros \u2014el 38 % del total\u2014 y los 26 pa\u00edses representados.<\/p>\n\n\n\n<h3 class=\"wp-block-heading\">NOVEDADES CERSAIE<\/h3>\n\n\n\n<h3 class=\"wp-block-heading\">COLECCIONES LAMINAM<\/h3>\n\n\n\n<p>Las nuevas colecciones de Laminam se inspiran en una\u00a0<strong>est\u00e9tica\u00a0<em>Earthy<\/em>\u00a0<\/strong>que mezcla texturas y materiales con un degradado de colores suaves, siguiendo las ultimas tendencias en decoraci\u00f3n. Se trata de superficies de piedra sinterizada caracterizadas por su versatilidad y\u00a0<strong>facilidad de combinaci\u00f3n<\/strong>. As\u00ed, en la pasada feria Cersaie 2022, Laminam present\u00f3 sus nuevas colecciones<strong>\u00a0IN-SIDE, Calce y Fokos<\/strong>.<\/p>\n\n\n\n<div class=\"wp-block-image\"><figure class=\"aligncenter size-full\"><a href=\"https:\/\/estudiodaes.es\/wp-content\/uploads\/2022\/10\/Laminam-New-Surfaces-Terra-di-Pompei.jpeg\"><img loading=\"lazy\" decoding=\"async\" width=\"700\" height=\"495\" src=\"https:\/\/estudiodaes.es\/wp-content\/uploads\/2022\/10\/Laminam-New-Surfaces-Terra-di-Pompei.jpeg\" alt=\"\" class=\"wp-image-9207\" title=\"\" srcset=\"https:\/\/estudiodaes.es\/wp-content\/uploads\/2022\/10\/Laminam-New-Surfaces-Terra-di-Pompei.jpeg 700w, https:\/\/estudiodaes.es\/wp-content\/uploads\/2022\/10\/Laminam-New-Surfaces-Terra-di-Pompei-566x400.jpeg 566w\" sizes=\"auto, (max-width: 700px) 100vw, 700px\" \/><\/a><\/figure><\/div>\n\n\n\n<h3 class=\"wp-block-heading\">PERONDA EN CERSAIE<\/h3>\n\n\n\n<p><a href=\"https:\/\/peronda.com\/es\" target=\"_blank\" rel=\"noreferrer noopener\">Peronda<\/a> ha asistido una vez m\u00e1s a la feria m\u00e1s importante del mundo cer\u00e1mico: <a href=\"https:\/\/www.cersaie.it\/en\/\" target=\"_blank\" rel=\"noreferrer noopener\">Cersaie<\/a>. En esta ocasi\u00f3n, la firma ha presentado las m\u00e1s innovadoras tecnolog\u00edas aplicadas en las colecciones Manhattan, Granier y Ghent. Acabados All in One, Shaped o Deep Tech han asombrado a los asistentes por el realismo que se consigue en cada una de las piezas mostradas.<\/p>\n\n\n\n<figure class=\"wp-block-image size-large\"><a href=\"https:\/\/estudiodaes.es\/wp-content\/uploads\/2022\/10\/Peronda-cersaie-1-scaled.jpeg\"><img loading=\"lazy\" decoding=\"async\" width=\"1400\" height=\"783\" src=\"https:\/\/estudiodaes.es\/wp-content\/uploads\/2022\/10\/Peronda-cersaie-1-1400x783.jpeg\" alt=\"\" class=\"wp-image-9208\" title=\"\" srcset=\"https:\/\/estudiodaes.es\/wp-content\/uploads\/2022\/10\/Peronda-cersaie-1-1400x783.jpeg 1400w, https:\/\/estudiodaes.es\/wp-content\/uploads\/2022\/10\/Peronda-cersaie-1-716x400.jpeg 716w, https:\/\/estudiodaes.es\/wp-content\/uploads\/2022\/10\/Peronda-cersaie-1-768x429.jpeg 768w, https:\/\/estudiodaes.es\/wp-content\/uploads\/2022\/10\/Peronda-cersaie-1-1536x859.jpeg 1536w, https:\/\/estudiodaes.es\/wp-content\/uploads\/2022\/10\/Peronda-cersaie-1-2048x1145.jpeg 2048w\" sizes=\"auto, (max-width: 1400px) 100vw, 1400px\" \/><\/a><\/figure>\n\n\n\n<p>En lo referente a la gama vintage de la marca, FS, se ha presentado una actualizaci\u00f3n del FS Star, dot\u00e1ndolo de tecnolog\u00eda Layer Tech y consiguiendo brillos y mates sorprendentemente contrastados. Gran \u00e9xito han tenido tambi\u00e9n el revestimiento FS Loft, presentado en 3 colores inspirado en los ladrillos de los t\u00edpicos espacios neoyorquinos y la colecci\u00f3n de maderas cer\u00e1micas FS Forest.\u00a0<\/p>\n\n\n\n<figure class=\"wp-block-image size-large\"><a href=\"https:\/\/estudiodaes.es\/wp-content\/uploads\/2022\/10\/Peronda-Cersaie-2-scaled.jpeg\"><img loading=\"lazy\" decoding=\"async\" width=\"1204\" height=\"800\" src=\"https:\/\/estudiodaes.es\/wp-content\/uploads\/2022\/10\/Peronda-Cersaie-2-1204x800.jpeg\" alt=\"\" class=\"wp-image-9209\" title=\"\" srcset=\"https:\/\/estudiodaes.es\/wp-content\/uploads\/2022\/10\/Peronda-Cersaie-2-1204x800.jpeg 1204w, https:\/\/estudiodaes.es\/wp-content\/uploads\/2022\/10\/Peronda-Cersaie-2-602x400.jpeg 602w, https:\/\/estudiodaes.es\/wp-content\/uploads\/2022\/10\/Peronda-Cersaie-2-768x510.jpeg 768w, https:\/\/estudiodaes.es\/wp-content\/uploads\/2022\/10\/Peronda-Cersaie-2-1536x1021.jpeg 1536w, https:\/\/estudiodaes.es\/wp-content\/uploads\/2022\/10\/Peronda-Cersaie-2-2048x1361.jpeg 2048w\" sizes=\"auto, (max-width: 1204px) 100vw, 1204px\" \/><\/a><\/figure>\n\n\n\n<figure class=\"wp-block-image size-large\"><a href=\"https:\/\/estudiodaes.es\/wp-content\/uploads\/2022\/10\/Peronda-Cersaie-3-scaled.jpeg\"><img loading=\"lazy\" decoding=\"async\" width=\"1013\" height=\"800\" src=\"https:\/\/estudiodaes.es\/wp-content\/uploads\/2022\/10\/Peronda-Cersaie-3-1013x800.jpeg\" alt=\"\" class=\"wp-image-9210\" title=\"\" srcset=\"https:\/\/estudiodaes.es\/wp-content\/uploads\/2022\/10\/Peronda-Cersaie-3-1013x800.jpeg 1013w, https:\/\/estudiodaes.es\/wp-content\/uploads\/2022\/10\/Peronda-Cersaie-3-507x400.jpeg 507w, https:\/\/estudiodaes.es\/wp-content\/uploads\/2022\/10\/Peronda-Cersaie-3-768x606.jpeg 768w, https:\/\/estudiodaes.es\/wp-content\/uploads\/2022\/10\/Peronda-Cersaie-3-1536x1213.jpeg 1536w, https:\/\/estudiodaes.es\/wp-content\/uploads\/2022\/10\/Peronda-Cersaie-3-2048x1617.jpeg 2048w\" sizes=\"auto, (max-width: 1013px) 100vw, 1013px\" \/><\/a><\/figure>\n\n\n\n<h3 class=\"wp-block-heading\">KRION LUX<\/h3>\n\n\n\n<p>La superficie s\u00f3lida\u00a0<strong><a class=\"\" href=\"https:\/\/www.krion.com\/\" target=\"_blank\" rel=\"noreferrer noopener\">Krion<\/a>\u00a0Lux<\/strong>\u00a0es un material con alta composici\u00f3n mineral, gracias a la cual le da unas caracter\u00edsticas como la resistencia, durabilidad, f\u00e1cil limpieza y mantenimiento, capacidad de termoformado, casi nula porosidad y uni\u00f3n con juntas imperceptibles, lo que permite crear dise\u00f1os \u00fanicos e ilimitados. Dispone de m\u00e1s de cien colores, algunos de ellos retroiluminables, con los que consigue\u00a0<strong>crear ambientes altamente personalizables<\/strong>.<\/p>\n\n\n\n<p>La nueva gama tonal de\u00a0<a class=\"\" href=\"https:\/\/www.krion.com\/\" target=\"_blank\" rel=\"noreferrer noopener\">Krion<\/a>\u00a0Lux, Nebula Grey\u00a0complementa la l\u00ednea que forma\u00a0Nebula White\u00a0y\u00a0Nebula Vanila, dentro de la serie\u00a0Luxury. Los modelos\u00a0Nebula\u00a0destacan por sus dise\u00f1os de\u00a0<strong>trazos suaves y formas et\u00e9reas<\/strong>. Sus vetas serpentinas y de contornos imprecisos destacan sobre los tonos uniformes de fondo, generando una agradable sensaci\u00f3n de<strong>\u00a0calma y liviandad<\/strong>.<\/p>\n\n\n\n<div class=\"wp-block-image\"><figure class=\"aligncenter size-large is-resized\"><a href=\"https:\/\/estudiodaes.es\/wp-content\/uploads\/2022\/10\/KRION-LUX.webp\"><img loading=\"lazy\" decoding=\"async\" src=\"https:\/\/estudiodaes.es\/wp-content\/uploads\/2022\/10\/KRION-LUX-1400x788.webp\" alt=\"\" class=\"wp-image-9211\" width=\"848\" height=\"477\" title=\"\" srcset=\"https:\/\/estudiodaes.es\/wp-content\/uploads\/2022\/10\/KRION-LUX-1400x788.webp 1400w, https:\/\/estudiodaes.es\/wp-content\/uploads\/2022\/10\/KRION-LUX-711x400.webp 711w, https:\/\/estudiodaes.es\/wp-content\/uploads\/2022\/10\/KRION-LUX-768x432.webp 768w, https:\/\/estudiodaes.es\/wp-content\/uploads\/2022\/10\/KRION-LUX-1536x864.webp 1536w, https:\/\/estudiodaes.es\/wp-content\/uploads\/2022\/10\/KRION-LUX.webp 1600w\" sizes=\"auto, (max-width: 848px) 100vw, 848px\" \/><\/a><\/figure><\/div>\n\n\n\n<h3 class=\"wp-block-heading\">PANELES ALLUSLATE<\/h3>\n\n\n\n<p>Los paneles decorativos de aluminio\u00a0<strong><em>Alluslate<\/em><\/strong>\u00a0est\u00e1n creados para ambientar espacios interiores, tanto comerciales como residenciales. Este material es decorado mediante un sistema de impresi\u00f3n que consigue una alta calidad de imagen.<\/p>\n\n\n\n<p>Posteriormente es protegido por un recubrimiento de gran resistencia. Se presentan en dos tipos de acabados; el texturizado (Matt) y el acabado brillo (Glazed). El material, resistente a la humedad, puede instalarse en paramentos verticales y como revestimiento de equipamiento o mobiliario, otorgando un toque diferenciador a los espacios y sin necesidad de obra.<\/p>\n\n\n\n<figure class=\"wp-block-image size-large\"><a href=\"https:\/\/estudiodaes.es\/wp-content\/uploads\/2022\/10\/ALLUSLATE.webp\"><img loading=\"lazy\" decoding=\"async\" width=\"1400\" height=\"788\" src=\"https:\/\/estudiodaes.es\/wp-content\/uploads\/2022\/10\/ALLUSLATE-1400x788.webp\" alt=\"\" class=\"wp-image-9212\" title=\"\" srcset=\"https:\/\/estudiodaes.es\/wp-content\/uploads\/2022\/10\/ALLUSLATE-1400x788.webp 1400w, https:\/\/estudiodaes.es\/wp-content\/uploads\/2022\/10\/ALLUSLATE-711x400.webp 711w, https:\/\/estudiodaes.es\/wp-content\/uploads\/2022\/10\/ALLUSLATE-768x432.webp 768w, https:\/\/estudiodaes.es\/wp-content\/uploads\/2022\/10\/ALLUSLATE-1536x864.webp 1536w, https:\/\/estudiodaes.es\/wp-content\/uploads\/2022\/10\/ALLUSLATE.webp 1600w\" sizes=\"auto, (max-width: 1400px) 100vw, 1400px\" \/><\/a><\/figure>\n\n\n\n<h3 class=\"wp-block-heading\">WOW DESIGN<\/h3>\n\n\n\n<p>El estudio de dise\u00f1o cer\u00e1mico <a href=\"https:\/\/www.wowdesigneu.com\/collection\/wow-collection\/\" target=\"_blank\" rel=\"noreferrer noopener\">WOW Design<\/a>, especializado en la creaci\u00f3n y desarrollo de piezas \u00fanicas de alto valor a\u00f1adido, presento un innovador espacio expositivo en colaboraci\u00f3n con la firma Summumstudio.<\/p>\n\n\n\n<p>El\u00a0atelier\u00a0cer\u00e1mico WOW mostro en la cita internacional una instalaci\u00f3n \u00fanica que, retando los l\u00edmites m\u00e1s innovadores de las muestras de cer\u00e1mica, presentando sus novedades dise\u00f1adas a medida de las necesidades creativas de los arquitectos e interioristas de todo el mundo.\u00a0<\/p>\n\n\n\n<figure class=\"wp-block-image size-full\"><a href=\"https:\/\/estudiodaes.es\/wp-content\/uploads\/2022\/10\/WOW-DESIGN-1.jpeg\"><img loading=\"lazy\" decoding=\"async\" width=\"1024\" height=\"768\" src=\"https:\/\/estudiodaes.es\/wp-content\/uploads\/2022\/10\/WOW-DESIGN-1.jpeg\" alt=\"\" class=\"wp-image-9216\" title=\"\" srcset=\"https:\/\/estudiodaes.es\/wp-content\/uploads\/2022\/10\/WOW-DESIGN-1.jpeg 1024w, https:\/\/estudiodaes.es\/wp-content\/uploads\/2022\/10\/WOW-DESIGN-1-533x400.jpeg 533w, https:\/\/estudiodaes.es\/wp-content\/uploads\/2022\/10\/WOW-DESIGN-1-768x576.jpeg 768w\" sizes=\"auto, (max-width: 1024px) 100vw, 1024px\" \/><\/a><\/figure>\n\n\n\n<figure class=\"wp-block-image size-full\"><a href=\"https:\/\/estudiodaes.es\/wp-content\/uploads\/2022\/10\/WOW-DESIGN-2.jpeg\"><img loading=\"lazy\" decoding=\"async\" width=\"1024\" height=\"576\" src=\"https:\/\/estudiodaes.es\/wp-content\/uploads\/2022\/10\/WOW-DESIGN-2.jpeg\" alt=\"\" class=\"wp-image-9217\" title=\"\" srcset=\"https:\/\/estudiodaes.es\/wp-content\/uploads\/2022\/10\/WOW-DESIGN-2.jpeg 1024w, https:\/\/estudiodaes.es\/wp-content\/uploads\/2022\/10\/WOW-DESIGN-2-711x400.jpeg 711w, https:\/\/estudiodaes.es\/wp-content\/uploads\/2022\/10\/WOW-DESIGN-2-768x432.jpeg 768w\" sizes=\"auto, (max-width: 1024px) 100vw, 1024px\" \/><\/a><\/figure>\n\n\n\n<h3 class=\"wp-block-heading\">ALTAS CONCORDE<\/h3>\n\n\n\n<p>Con motivo de\u00a0<strong>Cersaie 2022<\/strong>, Sal\u00f3n Internacional de la Cer\u00e1mica para la Arquitectura y del Equipamiento para Ba\u00f1o, Atlas Concorde celebro el d\u00e9cimo aniversario de\u00a0<strong><a href=\"https:\/\/www.atlasconcorde.com\/es\/colecciones\/ac\/marvel-floor-wall\/\" target=\"_blank\" rel=\"noopener\">Marvel<\/a>, un conjunto de colecciones con efecto m\u00e1rmol<\/strong>\u00a0que se ha convertido en un referente imprescindible del dise\u00f1o internacional.<\/p>\n\n\n\n<figure class=\"wp-block-image size-large\"><a href=\"https:\/\/estudiodaes.es\/wp-content\/uploads\/2022\/10\/ATLAS-CONCORDE.webp\"><img loading=\"lazy\" decoding=\"async\" width=\"1200\" height=\"800\" src=\"https:\/\/estudiodaes.es\/wp-content\/uploads\/2022\/10\/ATLAS-CONCORDE-1200x800.webp\" alt=\"\" class=\"wp-image-9219\" title=\"\" srcset=\"https:\/\/estudiodaes.es\/wp-content\/uploads\/2022\/10\/ATLAS-CONCORDE-1200x800.webp 1200w, https:\/\/estudiodaes.es\/wp-content\/uploads\/2022\/10\/ATLAS-CONCORDE-600x400.webp 600w, https:\/\/estudiodaes.es\/wp-content\/uploads\/2022\/10\/ATLAS-CONCORDE-768x512.webp 768w, https:\/\/estudiodaes.es\/wp-content\/uploads\/2022\/10\/ATLAS-CONCORDE-1536x1024.webp 1536w, https:\/\/estudiodaes.es\/wp-content\/uploads\/2022\/10\/ATLAS-CONCORDE.webp 1800w\" sizes=\"auto, (max-width: 1200px) 100vw, 1200px\" \/><\/a><\/figure>\n\n\n\n<p>Este proyecto de pavimentos de gres porcel\u00e1nico y revestimientos coordinados con efecto m\u00e1rmol se ha renovado a lo largo del tiempo, ampli\u00e1ndose con continuas\u00a0<strong>reinterpretaciones del material natural en clave moderna<\/strong>, lo que hace que los materiales propuestos sean ideales para todos los lugares donde transcurre la vida contempor\u00e1nea: entornos residenciales y de trabajo, hoteles, centros de bienestar y spa, tiendas y muchos otros.<\/p>\n\n\n\n<figure class=\"wp-block-image size-large\"><a href=\"https:\/\/estudiodaes.es\/wp-content\/uploads\/2022\/10\/ATLAS-CONCORDE-2.webp\"><img loading=\"lazy\" decoding=\"async\" width=\"1200\" height=\"800\" src=\"https:\/\/estudiodaes.es\/wp-content\/uploads\/2022\/10\/ATLAS-CONCORDE-2-1200x800.webp\" alt=\"\" class=\"wp-image-9220\" title=\"\" srcset=\"https:\/\/estudiodaes.es\/wp-content\/uploads\/2022\/10\/ATLAS-CONCORDE-2-1200x800.webp 1200w, https:\/\/estudiodaes.es\/wp-content\/uploads\/2022\/10\/ATLAS-CONCORDE-2-600x400.webp 600w, https:\/\/estudiodaes.es\/wp-content\/uploads\/2022\/10\/ATLAS-CONCORDE-2-768x512.webp 768w, https:\/\/estudiodaes.es\/wp-content\/uploads\/2022\/10\/ATLAS-CONCORDE-2-1536x1024.webp 1536w, https:\/\/estudiodaes.es\/wp-content\/uploads\/2022\/10\/ATLAS-CONCORDE-2.webp 1800w\" sizes=\"auto, (max-width: 1200px) 100vw, 1200px\" \/><\/a><\/figure>\n\n\n\n<p>Fechas de la pr\u00f3xima edici\u00f3n de Cersaie:\u00a0<strong>la feria se celebrar\u00e1 entre el 25 y el 29 de septiembre de 2023.<\/strong><\/p>","protected":false},"excerpt":{"rendered":"<p>La 39\u00aa edici\u00f3n de&nbsp;Cersaie&nbsp;volvi\u00f3 a evidenciar su&nbsp;poder de convocatoria y durante la semana pasada logr\u00f3 congregar en BolognaFiere a 91.296 visitantes en sus cinco jornadas. Esta cifra, supone un aumento de alrededor del 50% en comparaci\u00f3n con la edici\u00f3n del a\u00f1o pasado, que supuso uno de los primeros retornos de una feria importante en el [&#8230;]\n","protected":false},"author":1,"featured_media":9223,"comment_status":"closed","ping_status":"open","sticky":false,"template":"","format":"standard","meta":{"footnotes":""},"categories":[222,17],"tags":[],"class_list":["post-9206","post","type-post","status-publish","format-standard","has-post-thumbnail","hentry","category-decoracion-interior","category-estilo"],"_links":{"self":[{"href":"https:\/\/estudiodaes.es\/en\/wp-json\/wp\/v2\/posts\/9206","targetHints":{"allow":["GET"]}}],"collection":[{"href":"https:\/\/estudiodaes.es\/en\/wp-json\/wp\/v2\/posts"}],"about":[{"href":"https:\/\/estudiodaes.es\/en\/wp-json\/wp\/v2\/types\/post"}],"author":[{"embeddable":true,"href":"https:\/\/estudiodaes.es\/en\/wp-json\/wp\/v2\/users\/1"}],"replies":[{"embeddable":true,"href":"https:\/\/estudiodaes.es\/en\/wp-json\/wp\/v2\/comments?post=9206"}],"version-history":[{"count":6,"href":"https:\/\/estudiodaes.es\/en\/wp-json\/wp\/v2\/posts\/9206\/revisions"}],"predecessor-version":[{"id":9225,"href":"https:\/\/estudiodaes.es\/en\/wp-json\/wp\/v2\/posts\/9206\/revisions\/9225"}],"wp:featuredmedia":[{"embeddable":true,"href":"https:\/\/estudiodaes.es\/en\/wp-json\/wp\/v2\/media\/9223"}],"wp:attachment":[{"href":"https:\/\/estudiodaes.es\/en\/wp-json\/wp\/v2\/media?parent=9206"}],"wp:term":[{"taxonomy":"category","embeddable":true,"href":"https:\/\/estudiodaes.es\/en\/wp-json\/wp\/v2\/categories?post=9206"},{"taxonomy":"post_tag","embeddable":true,"href":"https:\/\/estudiodaes.es\/en\/wp-json\/wp\/v2\/tags?post=9206"}],"curies":[{"name":"wp","href":"https:\/\/api.w.org\/{rel}","templated":true}]}}