{"id":9114,"date":"2022-08-18T16:05:32","date_gmt":"2022-08-18T16:05:32","guid":{"rendered":"https:\/\/estudiodaes.es\/?p=9114"},"modified":"2022-08-18T16:05:34","modified_gmt":"2022-08-18T16:05:34","slug":"el-color-negro-en-la-decoracion","status":"publish","type":"post","link":"https:\/\/estudiodaes.es\/en\/el-color-negro-en-la-decoracion\/","title":{"rendered":"EL COLOR NEGRO EN LA DECORACI\u00d3N"},"content":{"rendered":"<p>Sofisticado, atrevido, po\u00e9tico, elegante\u2026 Pi\u00e9rdele el miedo a el color negro en la decoraci\u00f3n y descubre c\u00f3mo usarlo en cualquier rinc\u00f3n de tu vivienda para que te d\u00e9 juego.<\/p>\n\n\n\n<p>Seductor, elegante, sobrio. El negro es un color que ha vuelto con fuerza en la decoraci\u00f3n para aportar\u00a0 un toque de sofisticaci\u00f3n a los ambientes de tu hogar. Usar este tono es una propuesta arriesgada: al atrapar la luz, puede\u00a0 oscurecer y reducir visualmente cualquier espacio, pero en dosis adecuadas y combinado con matices claros o vibrantes resulta encantador. \u00a1Todo al negro!<\/p>\n\n\n\n<h2 class=\"wp-block-heading\">Todo al negro<\/h2>\n\n\n\n<p>Es cierto que muchos temen usar el color negro en la decoraci\u00f3n de una casa, ya sea por las connotaciones de ese color, o porque absorbe demasiada la luz oscureciendo nuestros espacios. Y si bien esto es una realidad, us\u00e1ndolo de forma correcta podemos lograr interiores elegantes, misteriosos, poderosos, cl\u00e1sicos y tambi\u00e9n muy modernos. Pero hay que saber utilizarlo y combinarlo.<\/p>\n\n\n\n<figure class=\"wp-block-image size-large\"><a href=\"https:\/\/estudiodaes.es\/wp-content\/uploads\/2022\/08\/Salon-con-sofas-negros.jpeg\"><img loading=\"lazy\" decoding=\"async\" width=\"1073\" height=\"800\" src=\"https:\/\/estudiodaes.es\/wp-content\/uploads\/2022\/08\/Salon-con-sofas-negros-1073x800.jpeg\" alt=\"\" class=\"wp-image-9125\" title=\"\" srcset=\"https:\/\/estudiodaes.es\/wp-content\/uploads\/2022\/08\/Salon-con-sofas-negros-1073x800.jpeg 1073w, https:\/\/estudiodaes.es\/wp-content\/uploads\/2022\/08\/Salon-con-sofas-negros-536x400.jpeg 536w, https:\/\/estudiodaes.es\/wp-content\/uploads\/2022\/08\/Salon-con-sofas-negros-768x573.jpeg 768w, https:\/\/estudiodaes.es\/wp-content\/uploads\/2022\/08\/Salon-con-sofas-negros.jpeg 1200w\" sizes=\"auto, (max-width: 1073px) 100vw, 1073px\" \/><\/a><\/figure>\n\n\n\n<p>Si est\u00e1s pensando en incorporar el negro a tu decoraci\u00f3n, debes considerar que, al absorber la luz, posiblemente la temperatura ambiental sea mayor y el espacio se sienta m\u00e1s peque\u00f1o, por lo mismo,\u00a0<strong>te recomiendo que lo uses en habitaciones amplias<\/strong>\u00a0o de techos altos. Si lo utilizas en casas o habitaciones peque\u00f1as puedes conseguir sensaciones negativas.<\/p>\n\n\n\n<p>Una buena opci\u00f3n es combinar el negro con otros tonos, en especial los c\u00e1lidos o dorados para conseguir un estilo m\u00e1s cl\u00e1sico y elegante. Por el contrario, si buscas algo m\u00e1s moderno puedes probar con el blanco y as\u00ed jugar con la armon\u00eda en los espacios. Esta \u00faltima combinaci\u00f3n es muy usada en espacios minimalistas, e incluso en <a href=\"https:\/\/estudiodaes.es\/en\/estilo-zen\/\" target=\"_blank\" rel=\"noreferrer noopener\">decoraciones de tipo zen<\/a>, donde la idea es\u00a0<strong>generar belleza a trav\u00e9s de los contrastes<\/strong>. <\/p>\n\n\n\n<figure class=\"wp-block-image size-large\"><a href=\"https:\/\/estudiodaes.es\/wp-content\/uploads\/2022\/08\/Color-negro-salon.jpeg\"><img loading=\"lazy\" decoding=\"async\" width=\"1400\" height=\"700\" src=\"https:\/\/estudiodaes.es\/wp-content\/uploads\/2022\/08\/Color-negro-salon-1400x700.jpeg\" alt=\"\" class=\"wp-image-9117\" title=\"\" srcset=\"https:\/\/estudiodaes.es\/wp-content\/uploads\/2022\/08\/Color-negro-salon-1400x700.jpeg 1400w, https:\/\/estudiodaes.es\/wp-content\/uploads\/2022\/08\/Color-negro-salon-800x400.jpeg 800w, https:\/\/estudiodaes.es\/wp-content\/uploads\/2022\/08\/Color-negro-salon-768x384.jpeg 768w, https:\/\/estudiodaes.es\/wp-content\/uploads\/2022\/08\/Color-negro-salon-1536x768.jpeg 1536w, https:\/\/estudiodaes.es\/wp-content\/uploads\/2022\/08\/Color-negro-salon.jpeg 2000w\" sizes=\"auto, (max-width: 1400px) 100vw, 1400px\" \/><\/a><\/figure>\n\n\n\n<p>El negro tambi\u00e9n va bien con materiales como el vidrio, madera nativa y pisos de cer\u00e1mica. \u00a1Atr\u00e9vete!.<\/p>\n\n\n\n<h2 class=\"wp-block-heading\">El color negro en la decoraci\u00f3n combinado con blanco<\/h2>\n\n\n\n<p>El blanco es un color muy luminoso y combinar el negro y el blanco a\u00f1ade un relieve visual a tus estancias. Puedes usar\u00a0 el negro en complementos como cojines, cuadros, jarrones o peque\u00f1os muebles y el blanco en superficies m\u00e1s grandes, como paredes o estantes para dar mayor luminosidad. De esta manera evitar\u00e1s saturar el ambiente. <\/p>\n\n\n\n<figure class=\"wp-block-image size-large\"><a href=\"https:\/\/estudiodaes.es\/wp-content\/uploads\/2022\/08\/Sofa-salon-blanco-y-negro.jpg\"><img loading=\"lazy\" decoding=\"async\" width=\"1200\" height=\"800\" src=\"https:\/\/estudiodaes.es\/wp-content\/uploads\/2022\/08\/Sofa-salon-blanco-y-negro-1200x800.jpg\" alt=\"\" class=\"wp-image-9118\" title=\"\" srcset=\"https:\/\/estudiodaes.es\/wp-content\/uploads\/2022\/08\/Sofa-salon-blanco-y-negro-1200x800.jpg 1200w, https:\/\/estudiodaes.es\/wp-content\/uploads\/2022\/08\/Sofa-salon-blanco-y-negro-600x400.jpg 600w, https:\/\/estudiodaes.es\/wp-content\/uploads\/2022\/08\/Sofa-salon-blanco-y-negro-768x512.jpg 768w, https:\/\/estudiodaes.es\/wp-content\/uploads\/2022\/08\/Sofa-salon-blanco-y-negro.jpg 1300w\" sizes=\"auto, (max-width: 1200px) 100vw, 1200px\" \/><\/a><\/figure>\n\n\n\n<h2 class=\"wp-block-heading\">Cocinas con toques negros<\/h2>\n\n\n\n<p>Una de las fusiones ganadoras es el negro con dorado, ideal\u00a0 para las cocinas. Estos tonos, equilibrados con el blanco, dan como resultado un look sofisticado, delicado y lleno de elegancia. \u00bfTe atreves?<\/p>\n\n\n\n<figure class=\"wp-block-image size-large\"><a href=\"https:\/\/estudiodaes.es\/wp-content\/uploads\/2022\/08\/Cocina-negro.jpeg\"><img loading=\"lazy\" decoding=\"async\" width=\"1113\" height=\"800\" src=\"https:\/\/estudiodaes.es\/wp-content\/uploads\/2022\/08\/Cocina-negro-1113x800.jpeg\" alt=\"\" class=\"wp-image-9116\" title=\"\" srcset=\"https:\/\/estudiodaes.es\/wp-content\/uploads\/2022\/08\/Cocina-negro-1113x800.jpeg 1113w, https:\/\/estudiodaes.es\/wp-content\/uploads\/2022\/08\/Cocina-negro-557x400.jpeg 557w, https:\/\/estudiodaes.es\/wp-content\/uploads\/2022\/08\/Cocina-negro-768x552.jpeg 768w, https:\/\/estudiodaes.es\/wp-content\/uploads\/2022\/08\/Cocina-negro-1536x1104.jpeg 1536w, https:\/\/estudiodaes.es\/wp-content\/uploads\/2022\/08\/Cocina-negro.jpeg 1920w\" sizes=\"auto, (max-width: 1113px) 100vw, 1113px\" \/><\/a><\/figure>\n\n\n\n<h2 class=\"wp-block-heading\">Paredes en color negro<\/h2>\n\n\n\n<p>Si amas el negro y buscas una atm\u00f3sfera llena de este color puedes colocarlo en una pared entera. Si lo haces es preferible que tu habitaci\u00f3n\u00a0 cuente con techos altos y una buena iluminaci\u00f3n. Contrasta con otros tonos para darle vida a tu espacio, como dorados, blancos, plateados&#8230; Si buscas algo m\u00e1s sutil elige para tus muros rayas negras alternadas con blanco para un dise\u00f1o vanguardista.<\/p>\n\n\n\n<figure class=\"wp-block-image size-full\"><a href=\"https:\/\/estudiodaes.es\/wp-content\/uploads\/2022\/08\/Pared-negra-con-sofa-marron.webp\"><img loading=\"lazy\" decoding=\"async\" width=\"1200\" height=\"800\" src=\"https:\/\/estudiodaes.es\/wp-content\/uploads\/2022\/08\/Pared-negra-con-sofa-marron.webp\" alt=\"\" class=\"wp-image-9120\" title=\"\" srcset=\"https:\/\/estudiodaes.es\/wp-content\/uploads\/2022\/08\/Pared-negra-con-sofa-marron.webp 1200w, https:\/\/estudiodaes.es\/wp-content\/uploads\/2022\/08\/Pared-negra-con-sofa-marron-600x400.webp 600w, https:\/\/estudiodaes.es\/wp-content\/uploads\/2022\/08\/Pared-negra-con-sofa-marron-768x512.webp 768w\" sizes=\"auto, (max-width: 1200px) 100vw, 1200px\" \/><\/a><\/figure>\n\n\n\n<h2 class=\"wp-block-heading\">Materiales <\/h2>\n\n\n\n<p>La madera, el cemento, la piedra, la pizarra o la madera lacada son materiales que se ven potenciados\u00a0 por el negro. Los materiales naturales y nobles son buenos aliados de los <a href=\"https:\/\/www.pantone.com\/eu\/es\/connect\/BLACK-C\" target=\"_blank\" rel=\"noreferrer noopener\">tonos negros<\/a>.\u00a0<\/p>\n\n\n\n<h2 class=\"wp-block-heading\">Fusi\u00f3n de colores<\/h2>\n\n\n\n<p>El negro hace\u00a0fusi\u00f3n con colores complementarios. Destaca mucho\u00a0 combinado con tonos de verde, amarillo y lim\u00f3n, pero tambi\u00e9n sirve para otros colores, como el rosa.\u00a0<\/p>\n\n\n\n<div class=\"wp-block-image\"><figure class=\"aligncenter size-full\"><a href=\"https:\/\/estudiodaes.es\/wp-content\/uploads\/2022\/08\/mesa-negra-y-rosa.jpeg\"><img loading=\"lazy\" decoding=\"async\" width=\"640\" height=\"502\" src=\"https:\/\/estudiodaes.es\/wp-content\/uploads\/2022\/08\/mesa-negra-y-rosa.jpeg\" alt=\"\" class=\"wp-image-9122\" title=\"\" srcset=\"https:\/\/estudiodaes.es\/wp-content\/uploads\/2022\/08\/mesa-negra-y-rosa.jpeg 640w, https:\/\/estudiodaes.es\/wp-content\/uploads\/2022\/08\/mesa-negra-y-rosa-510x400.jpeg 510w\" sizes=\"auto, (max-width: 640px) 100vw, 640px\" \/><\/a><\/figure><\/div>\n\n\n\n<h2 class=\"wp-block-heading\">Complementos decorativos<\/h2>\n\n\n\n<p>Si s\u00f3lo deseas dar pinceladas de negro l\u00facelo en cojines, l\u00e1mparas, marcos, jarrones artesanales, alfombras, cuadros, cestos de fibras negras, textiles, cer\u00e1mica, etc\u00e9tera.\u00a0\u00a0<\/p>\n\n\n\n<div class=\"wp-block-image\"><figure class=\"aligncenter size-full is-resized\"><a href=\"https:\/\/estudiodaes.es\/wp-content\/uploads\/2022\/08\/Complementos-decorativos-negro.jpeg\"><img loading=\"lazy\" decoding=\"async\" src=\"https:\/\/estudiodaes.es\/wp-content\/uploads\/2022\/08\/Complementos-decorativos-negro.jpeg\" alt=\"\" class=\"wp-image-9123\" width=\"653\" height=\"721\" title=\"\" srcset=\"https:\/\/estudiodaes.es\/wp-content\/uploads\/2022\/08\/Complementos-decorativos-negro.jpeg 450w, https:\/\/estudiodaes.es\/wp-content\/uploads\/2022\/08\/Complementos-decorativos-negro-362x400.jpeg 362w\" sizes=\"auto, (max-width: 653px) 100vw, 653px\" \/><\/a><\/figure><\/div>\n\n\n\n<h2 class=\"wp-block-heading\">Sof\u00e1 negro <\/h2>\n\n\n\n<p>Los sof\u00e1s negros se han convertido en los protagonistas de las salas. El ch\u00e9ster, con su dise\u00f1o cl\u00e1sico, hace una pareja perfecta con&nbsp; la tapicer\u00eda negra. \u00a1Te aseguramos que atraer\u00e1 todas las miradas! M\u00e9zclalo con tonos c\u00e1lidos para generar un contraste arm\u00f3nico.<\/p>\n\n\n\n<figure class=\"wp-block-image size-full\"><a href=\"https:\/\/estudiodaes.es\/wp-content\/uploads\/2022\/08\/sofa-chesterfield-3-plazas-simil-piel-negro.jpeg\"><img loading=\"lazy\" decoding=\"async\" width=\"1000\" height=\"627\" src=\"https:\/\/estudiodaes.es\/wp-content\/uploads\/2022\/08\/sofa-chesterfield-3-plazas-simil-piel-negro.jpeg\" alt=\"\" class=\"wp-image-9124\" title=\"\" srcset=\"https:\/\/estudiodaes.es\/wp-content\/uploads\/2022\/08\/sofa-chesterfield-3-plazas-simil-piel-negro.jpeg 1000w, https:\/\/estudiodaes.es\/wp-content\/uploads\/2022\/08\/sofa-chesterfield-3-plazas-simil-piel-negro-638x400.jpeg 638w, https:\/\/estudiodaes.es\/wp-content\/uploads\/2022\/08\/sofa-chesterfield-3-plazas-simil-piel-negro-768x482.jpeg 768w\" sizes=\"auto, (max-width: 1000px) 100vw, 1000px\" \/><\/a><\/figure>\n\n\n\n<p>Un toque de color negro en la decoraci\u00f3n siempre a\u00f1adir\u00e1 sofisticaci\u00f3n y elegancia a tus espacios. Usado en dosis justas es un tono que llenar\u00e1 de personalidad tu hogar.<\/p>\n\n\n\n<p>Atr\u00e9vete y dale una oportunidad al color negro. Siguiendo estos consejos, seguro lograr\u00e1s un ambiente muy original y s\u00faper elegante.\u00a0<\/p>","protected":false},"excerpt":{"rendered":"<p>Sofisticado, atrevido, po\u00e9tico, elegante\u2026 Pi\u00e9rdele el miedo a el color negro en la decoraci\u00f3n y descubre c\u00f3mo usarlo en cualquier rinc\u00f3n de tu vivienda para que te d\u00e9 juego. Seductor, elegante, sobrio. El negro es un color que ha vuelto con fuerza en la decoraci\u00f3n para aportar\u00a0 un toque de sofisticaci\u00f3n a los ambientes de [&#8230;]\n","protected":false},"author":1,"featured_media":9119,"comment_status":"closed","ping_status":"open","sticky":false,"template":"","format":"standard","meta":{"footnotes":""},"categories":[223,222,17],"tags":[],"class_list":["post-9114","post","type-post","status-publish","format-standard","has-post-thumbnail","hentry","category-casas","category-decoracion-interior","category-estilo"],"_links":{"self":[{"href":"https:\/\/estudiodaes.es\/en\/wp-json\/wp\/v2\/posts\/9114","targetHints":{"allow":["GET"]}}],"collection":[{"href":"https:\/\/estudiodaes.es\/en\/wp-json\/wp\/v2\/posts"}],"about":[{"href":"https:\/\/estudiodaes.es\/en\/wp-json\/wp\/v2\/types\/post"}],"author":[{"embeddable":true,"href":"https:\/\/estudiodaes.es\/en\/wp-json\/wp\/v2\/users\/1"}],"replies":[{"embeddable":true,"href":"https:\/\/estudiodaes.es\/en\/wp-json\/wp\/v2\/comments?post=9114"}],"version-history":[{"count":5,"href":"https:\/\/estudiodaes.es\/en\/wp-json\/wp\/v2\/posts\/9114\/revisions"}],"predecessor-version":[{"id":9128,"href":"https:\/\/estudiodaes.es\/en\/wp-json\/wp\/v2\/posts\/9114\/revisions\/9128"}],"wp:featuredmedia":[{"embeddable":true,"href":"https:\/\/estudiodaes.es\/en\/wp-json\/wp\/v2\/media\/9119"}],"wp:attachment":[{"href":"https:\/\/estudiodaes.es\/en\/wp-json\/wp\/v2\/media?parent=9114"}],"wp:term":[{"taxonomy":"category","embeddable":true,"href":"https:\/\/estudiodaes.es\/en\/wp-json\/wp\/v2\/categories?post=9114"},{"taxonomy":"post_tag","embeddable":true,"href":"https:\/\/estudiodaes.es\/en\/wp-json\/wp\/v2\/tags?post=9114"}],"curies":[{"name":"wp","href":"https:\/\/api.w.org\/{rel}","templated":true}]}}