{"id":8294,"date":"2021-10-01T12:28:20","date_gmt":"2021-10-01T12:28:20","guid":{"rendered":"https:\/\/estudiodaes.es\/?p=8294"},"modified":"2021-10-01T12:28:23","modified_gmt":"2021-10-01T12:28:23","slug":"feria-cersaie-2021","status":"publish","type":"post","link":"https:\/\/estudiodaes.es\/en\/feria-cersaie-2021\/","title":{"rendered":"Feria Cersaie 2021"},"content":{"rendered":"<p>La <a href=\"https:\/\/www.cersaie.it\/en\/\" target=\"_blank\" aria-label=\"Feria Cersaie 2021 (opens in a new tab)\" rel=\"noreferrer noopener\" class=\"rank-math-link\">Feria Cersaie 2021<\/a> ha abierto sus puertas en Bolonia y recupera el pulso del azulejo tras m\u00e1s de un a\u00f1o sin ferias mundiales. La feria se se ha celebrado del 27 de septiembre al 1 de octubre donde numerosas marcas mundiales han presentado sus novedades en el sector cer\u00e1mico y de ba\u00f1o. <\/p>\n\n\n\n<p><strong>Cersaie\u00a0<\/strong>es el mayor escaparate internacional del\u00a0<strong>Sector Cer\u00e1mico y del Ba\u00f1o<\/strong>, que acoge a los profesionales de la distribuci\u00f3n, arquitectos y dise\u00f1adores de interiores, empresas de exposici\u00f3n y las grandes sociedades de la construcci\u00f3n provenientes de los cinco continentes.<\/p>\n\n\n\n<figure class=\"wp-block-image size-large\"><a href=\"https:\/\/estudiodaes.es\/wp-content\/uploads\/2021\/10\/Dettagli-Home-Decor-Cersaie.jpeg\"><img loading=\"lazy\" decoding=\"async\" width=\"1200\" height=\"800\" src=\"https:\/\/estudiodaes.es\/wp-content\/uploads\/2021\/10\/Dettagli-Home-Decor-Cersaie-1200x800.jpeg\" alt=\"\" class=\"wp-image-8300\" title=\"\" srcset=\"https:\/\/estudiodaes.es\/wp-content\/uploads\/2021\/10\/Dettagli-Home-Decor-Cersaie-1200x800.jpeg 1200w, https:\/\/estudiodaes.es\/wp-content\/uploads\/2021\/10\/Dettagli-Home-Decor-Cersaie-600x400.jpeg 600w, https:\/\/estudiodaes.es\/wp-content\/uploads\/2021\/10\/Dettagli-Home-Decor-Cersaie-768x512.jpeg 768w, https:\/\/estudiodaes.es\/wp-content\/uploads\/2021\/10\/Dettagli-Home-Decor-Cersaie.jpeg 1440w\" sizes=\"auto, (max-width: 1200px) 100vw, 1200px\" \/><\/a><figcaption>Dettagli Home Decor<br><\/figcaption><\/figure>\n\n\n\n<p>En la superficie de exposici\u00f3n hemos encontrado los siguientes sectores expositores: azulejos cer\u00e1micos, grifer\u00eda, mobiliario y dem\u00e1s componentes del ba\u00f1o, materias primas y elementos para productos cer\u00e1micos, elementos y materiales para la exposici\u00f3n de productos cer\u00e1micos.<\/p>\n\n\n\n<figure class=\"wp-block-image size-full is-resized\"><a href=\"https:\/\/estudiodaes.es\/wp-content\/uploads\/2021\/10\/Archiproducts-La-novita\u0300-Acquabella-a-Cersaie-2021.jpeg\"><img loading=\"lazy\" decoding=\"async\" src=\"https:\/\/estudiodaes.es\/wp-content\/uploads\/2021\/10\/Archiproducts-La-novita\u0300-Acquabella-a-Cersaie-2021.jpeg\" alt=\"\" class=\"wp-image-8306\" width=\"840\" height=\"600\" title=\"\" srcset=\"https:\/\/estudiodaes.es\/wp-content\/uploads\/2021\/10\/Archiproducts-La-novita\u0300-Acquabella-a-Cersaie-2021.jpeg 720w, https:\/\/estudiodaes.es\/wp-content\/uploads\/2021\/10\/Archiproducts-La-novita\u0300-Acquabella-a-Cersaie-2021-560x400.jpeg 560w\" sizes=\"auto, (max-width: 840px) 100vw, 840px\" \/><\/a><figcaption>Archiproducts<\/figcaption><\/figure>\n\n\n\n<p>Cersaie junto con Cevisama, es la feria m\u00e1s importante de la industria cer\u00e1mica, el equipamiento para el ba\u00f1o, la arquitectura y el dise\u00f1o.  El evento se ha celebrado en el recinto ferial de BolognaFiere en una edici\u00f3n que representa la vuelta a la normalidad presencial del calendario internacional de ferias en este sector. Esta 38\u00aa edici\u00f3n ha venido plagada de actividades que tienen como com\u00fan denominador com\u00fan la puesta en marcha de estrictos protocolos de seguridad. Para acompa\u00f1ar su realizaci\u00f3n, a principios de julio, Cersaie y las instituciones crearon \u00abBologna Together with Cersaie\u00bb, un programa que re\u00fane todas las actividades y servicios que se ofrecen a los visitantes para que puedan organizar su participaci\u00f3n de la mejor manera posible y con la mayor seguridad. En este sentido, para acceder al evento, la normativa vigente dispon\u00eda de la presentaci\u00f3n del Certificado covid digital de la UE y dos puntos para realizar las pruebas PCR en la entrada principal. Toda una novedad.<\/p>\n\n\n\n<figure class=\"wp-block-image size-full\"><a href=\"https:\/\/estudiodaes.es\/wp-content\/uploads\/2021\/10\/DESIGN-RESISTENZA-Anche-Cersaie-slitta-al-2021-DESIGN-RESISTENZA.jpeg\"><img loading=\"lazy\" decoding=\"async\" width=\"1200\" height=\"640\" src=\"https:\/\/estudiodaes.es\/wp-content\/uploads\/2021\/10\/DESIGN-RESISTENZA-Anche-Cersaie-slitta-al-2021-DESIGN-RESISTENZA.jpeg\" alt=\"\" class=\"wp-image-8308\" title=\"\" srcset=\"https:\/\/estudiodaes.es\/wp-content\/uploads\/2021\/10\/DESIGN-RESISTENZA-Anche-Cersaie-slitta-al-2021-DESIGN-RESISTENZA.jpeg 1200w, https:\/\/estudiodaes.es\/wp-content\/uploads\/2021\/10\/DESIGN-RESISTENZA-Anche-Cersaie-slitta-al-2021-DESIGN-RESISTENZA-750x400.jpeg 750w, https:\/\/estudiodaes.es\/wp-content\/uploads\/2021\/10\/DESIGN-RESISTENZA-Anche-Cersaie-slitta-al-2021-DESIGN-RESISTENZA-768x410.jpeg 768w\" sizes=\"auto, (max-width: 1200px) 100vw, 1200px\" \/><\/a><figcaption>DESIGN RESISTENZA <\/figcaption><\/figure>\n\n\n\n<p>En esta edici\u00f3n, el\u00a0Sal\u00f3n Internacional de Cer\u00e1mica para la Arquitectura y del Equipamiento para el Ba\u00f1o ha ocupado los 15 pabellones del recinto ferial BolognaFiere, con unos\u00a0623<strong>\u00a0<\/strong>expositores, siendo el 38% extranjeros, procedentes de\u00a028<strong>\u00a0<\/strong>pa\u00edses. La delegaci\u00f3n espa\u00f1ola, con m\u00e1s de 140 firmas de las que casi 90 corresponden son empresas agrupadas en Ascer, es la m\u00e1s importante despu\u00e9s de los anfitriones italianos.\u00a0<\/p>\n\n\n\n<figure class=\"wp-block-image size-full\"><a href=\"https:\/\/estudiodaes.es\/wp-content\/uploads\/2021\/10\/pasillo-cersaie-2021.jpeg\"><img loading=\"lazy\" decoding=\"async\" width=\"1024\" height=\"683\" src=\"https:\/\/estudiodaes.es\/wp-content\/uploads\/2021\/10\/pasillo-cersaie-2021.jpeg\" alt=\"\" class=\"wp-image-8310\" title=\"\" srcset=\"https:\/\/estudiodaes.es\/wp-content\/uploads\/2021\/10\/pasillo-cersaie-2021.jpeg 1024w, https:\/\/estudiodaes.es\/wp-content\/uploads\/2021\/10\/pasillo-cersaie-2021-600x400.jpeg 600w, https:\/\/estudiodaes.es\/wp-content\/uploads\/2021\/10\/pasillo-cersaie-2021-768x512.jpeg 768w\" sizes=\"auto, (max-width: 1024px) 100vw, 1024px\" \/><\/a><\/figure>\n\n\n\n<h3 class=\"wp-block-heading\">Inicio de la Feria Cersaie 2021<\/h3>\n\n\n\n<p>La conferencia inaugural titulada \u201cSostenibilit\u00e0, transizione energetica e competizione internazionale per il nostro Made in Italy\u201d(<em>Sostenibilidad, transici\u00f3n energ\u00e9tica y competencia internacional para nuestro Made in Italy<\/em>), han participado grandes personalidades del pa\u00eds vecino como el ministro de Desarrollo Econ\u00f3mico,\u00a0<strong>Giancarlo Giorgetti<\/strong>, el presidente de la<em>\u00a0<\/em>Regi\u00f3n de Emilia-Roma\u00f1a,\u00a0<strong>Stefano Bonaccini<\/strong>, el Presidente de Unicredit,\u00a0<strong>Pier Carlo Padoan<\/strong>, y el presidente de Confindustria Ceramica,\u00a0<strong>Giovanni Savorani<\/strong>. <\/p>\n\n\n\n<h3 class=\"wp-block-heading\">Contract Hall y Archincontract:<\/h3>\n\n\n\n<p><strong>Contract Hall y Archincont(r)act<\/strong> es un nuevo espacio dedicado al networking entre el mundo de la producci\u00f3n, el dise\u00f1o y los clientes de los sectores inmobiliario y del Contract, con un \u00e1rea dedicada a las startups.\u00a0<\/p>\n\n\n\n<figure class=\"wp-block-image size-full is-resized\"><a href=\"https:\/\/estudiodaes.es\/wp-content\/uploads\/2021\/10\/Contract-Hall-y-Archincontract-.jpeg\"><img loading=\"lazy\" decoding=\"async\" src=\"https:\/\/estudiodaes.es\/wp-content\/uploads\/2021\/10\/Contract-Hall-y-Archincontract-.jpeg\" alt=\"\" class=\"wp-image-8301\" width=\"839\" height=\"524\" title=\"\" srcset=\"https:\/\/estudiodaes.es\/wp-content\/uploads\/2021\/10\/Contract-Hall-y-Archincontract-.jpeg 800w, https:\/\/estudiodaes.es\/wp-content\/uploads\/2021\/10\/Contract-Hall-y-Archincontract--640x400.jpeg 640w, https:\/\/estudiodaes.es\/wp-content\/uploads\/2021\/10\/Contract-Hall-y-Archincontract--768x480.jpeg 768w\" sizes=\"auto, (max-width: 839px) 100vw, 839px\" \/><\/a><\/figure>\n\n\n\n<h3 class=\"wp-block-heading\">Exposiciones<\/h3>\n\n\n\n<p>Por otro lado, en el marco de \u00abcostruire, abitare, pensare\u00bb se presentar\u00e1 la primera exposici\u00f3n dedicada a los proyectos del grupo de j\u00f3venes arquitectos implicados por Renzo Piano en el\u00a0proyecto G124, que lleva el nombre de la oficina del senador vitalicio en el Palacio Giustiniani. G124 es el grupo de trabajo formado por j\u00f3venes arquitectos cuya tarea es realizar estudios de recuperaci\u00f3n de las zonas suburbanas durante un a\u00f1o de trabajo. La muestra\u00a0G124 Renzo Piano: il rammendo delle periferie. Un viaggio tra le periferie italiane, presentada en el Contract Hall, en el\u00a0Pabell\u00f3n 18, presentaba una selecci\u00f3n de los proyectos realizados desde 2014, con especial atenci\u00f3n a los que se est\u00e1n realizando en M\u00f3dena, Padua y Palermo. <\/p>\n\n\n\n<figure class=\"wp-block-image size-full is-resized\"><a href=\"https:\/\/estudiodaes.es\/wp-content\/uploads\/2021\/10\/costruire-abitare-pensare-2.jpeg\"><img loading=\"lazy\" decoding=\"async\" src=\"https:\/\/estudiodaes.es\/wp-content\/uploads\/2021\/10\/costruire-abitare-pensare-2.jpeg\" alt=\"\" class=\"wp-image-8303\" width=\"838\" height=\"622\" title=\"\"><\/a><\/figure>\n\n\n\n<figure class=\"wp-block-image size-large\"><a href=\"https:\/\/estudiodaes.es\/wp-content\/uploads\/2021\/10\/costruire-abitare-pensare.jpg\"><img loading=\"lazy\" decoding=\"async\" width=\"1200\" height=\"800\" src=\"https:\/\/estudiodaes.es\/wp-content\/uploads\/2021\/10\/costruire-abitare-pensare-1200x800.jpg\" alt=\"\" class=\"wp-image-8302\" title=\"\" srcset=\"https:\/\/estudiodaes.es\/wp-content\/uploads\/2021\/10\/costruire-abitare-pensare-1200x800.jpg 1200w, https:\/\/estudiodaes.es\/wp-content\/uploads\/2021\/10\/costruire-abitare-pensare-600x400.jpg 600w, https:\/\/estudiodaes.es\/wp-content\/uploads\/2021\/10\/costruire-abitare-pensare-768x512.jpg 768w, https:\/\/estudiodaes.es\/wp-content\/uploads\/2021\/10\/costruire-abitare-pensare-1536x1024.jpg 1536w, https:\/\/estudiodaes.es\/wp-content\/uploads\/2021\/10\/costruire-abitare-pensare.jpg 1920w\" sizes=\"auto, (max-width: 1200px) 100vw, 1200px\" \/><\/a><\/figure>\n\n\n\n<h3 class=\"wp-block-heading\">Una firma espa\u00f1ola, premiada<\/h3>\n\n\n\n<p>Las compa\u00f1\u00edas espa\u00f1olas cada vez acuden a\u00a0<strong>Cersaie\u00a0<\/strong>con una mejor puesta en escena y, en la presente edici\u00f3n, se ha mantenido esta l\u00ednea ascendente del\u00a0<strong>Tile of Spain<\/strong>\u00a0.De hecho, una firma castellonense,\u00a0<strong>Livingceramics<\/strong>, ha sido premiada con el\u00a0<strong>ADI Booth Design Award 2021<\/strong>.<\/p>\n\n\n\n<figure class=\"wp-block-image size-full\"><a href=\"https:\/\/estudiodaes.es\/wp-content\/uploads\/2021\/10\/Livingceramics-cersaie.jpeg\"><img loading=\"lazy\" decoding=\"async\" width=\"1024\" height=\"741\" src=\"https:\/\/estudiodaes.es\/wp-content\/uploads\/2021\/10\/Livingceramics-cersaie.jpeg\" alt=\"\" class=\"wp-image-8299\" title=\"\" srcset=\"https:\/\/estudiodaes.es\/wp-content\/uploads\/2021\/10\/Livingceramics-cersaie.jpeg 1024w, https:\/\/estudiodaes.es\/wp-content\/uploads\/2021\/10\/Livingceramics-cersaie-553x400.jpeg 553w, https:\/\/estudiodaes.es\/wp-content\/uploads\/2021\/10\/Livingceramics-cersaie-768x556.jpeg 768w\" sizes=\"auto, (max-width: 1024px) 100vw, 1024px\" \/><\/a><\/figure>\n\n\n\n<p>El estand, de 300 metros cuadrados, sigue la est\u00e9tica atemporal y minimalista que caracteriza a Livingceramics. Una l\u00e1mina de agua como entrada y una pasarela dan la bienvenida al visitante, el cual se sumerge en el universo Living desde el primer momento. Junto a las novedades en cer\u00e1mica, Livingceramics presentaba este a\u00f1o en Cersaie la marca de Piedra T\u00e9cnica Sinterizada Lithotech y el nuevo espacio cer\u00e1mico creativo Ceramic Lab.<\/p>\n\n\n\n<figure class=\"wp-block-image size-full\"><a href=\"https:\/\/estudiodaes.es\/wp-content\/uploads\/2021\/10\/Livingceramics-cersaie-ceramica.jpeg\"><img loading=\"lazy\" decoding=\"async\" width=\"1300\" height=\"567\" src=\"https:\/\/estudiodaes.es\/wp-content\/uploads\/2021\/10\/Livingceramics-cersaie-ceramica.jpeg\" alt=\"\" class=\"wp-image-8298\" title=\"\" srcset=\"https:\/\/estudiodaes.es\/wp-content\/uploads\/2021\/10\/Livingceramics-cersaie-ceramica.jpeg 1300w, https:\/\/estudiodaes.es\/wp-content\/uploads\/2021\/10\/Livingceramics-cersaie-ceramica-800x349.jpeg 800w, https:\/\/estudiodaes.es\/wp-content\/uploads\/2021\/10\/Livingceramics-cersaie-ceramica-768x335.jpeg 768w\" sizes=\"auto, (max-width: 1300px) 100vw, 1300px\" \/><\/a><figcaption>Living Ceramics presenta en Cersaie cer\u00e1mica de gran formato con relieve<\/figcaption><\/figure>\n\n\n\n<p>Se trata de una experiencia inmersiva con la que la provincia de Castell\u00f3n entra de forma pionera en esta distinci\u00f3n que era exclusiva del dise\u00f1o Italiano.<\/p>","protected":false},"excerpt":{"rendered":"<p>La Feria Cersaie 2021 ha abierto sus puertas en Bolonia y recupera el pulso del azulejo tras m\u00e1s de un a\u00f1o sin ferias mundiales. La feria se se ha celebrado del 27 de septiembre al 1 de octubre donde numerosas marcas mundiales han presentado sus novedades en el sector cer\u00e1mico y de ba\u00f1o. Cersaie\u00a0es el [&#8230;]\n","protected":false},"author":1,"featured_media":8312,"comment_status":"closed","ping_status":"open","sticky":false,"template":"","format":"standard","meta":{"footnotes":""},"categories":[222,17],"tags":[],"class_list":["post-8294","post","type-post","status-publish","format-standard","has-post-thumbnail","hentry","category-decoracion-interior","category-estilo"],"_links":{"self":[{"href":"https:\/\/estudiodaes.es\/en\/wp-json\/wp\/v2\/posts\/8294","targetHints":{"allow":["GET"]}}],"collection":[{"href":"https:\/\/estudiodaes.es\/en\/wp-json\/wp\/v2\/posts"}],"about":[{"href":"https:\/\/estudiodaes.es\/en\/wp-json\/wp\/v2\/types\/post"}],"author":[{"embeddable":true,"href":"https:\/\/estudiodaes.es\/en\/wp-json\/wp\/v2\/users\/1"}],"replies":[{"embeddable":true,"href":"https:\/\/estudiodaes.es\/en\/wp-json\/wp\/v2\/comments?post=8294"}],"version-history":[{"count":9,"href":"https:\/\/estudiodaes.es\/en\/wp-json\/wp\/v2\/posts\/8294\/revisions"}],"predecessor-version":[{"id":8313,"href":"https:\/\/estudiodaes.es\/en\/wp-json\/wp\/v2\/posts\/8294\/revisions\/8313"}],"wp:featuredmedia":[{"embeddable":true,"href":"https:\/\/estudiodaes.es\/en\/wp-json\/wp\/v2\/media\/8312"}],"wp:attachment":[{"href":"https:\/\/estudiodaes.es\/en\/wp-json\/wp\/v2\/media?parent=8294"}],"wp:term":[{"taxonomy":"category","embeddable":true,"href":"https:\/\/estudiodaes.es\/en\/wp-json\/wp\/v2\/categories?post=8294"},{"taxonomy":"post_tag","embeddable":true,"href":"https:\/\/estudiodaes.es\/en\/wp-json\/wp\/v2\/tags?post=8294"}],"curies":[{"name":"wp","href":"https:\/\/api.w.org\/{rel}","templated":true}]}}