{"id":8138,"date":"2021-07-30T09:16:36","date_gmt":"2021-07-30T09:16:36","guid":{"rendered":"https:\/\/estudiodaes.es\/?p=8138"},"modified":"2021-07-30T09:45:55","modified_gmt":"2021-07-30T09:45:55","slug":"david-chipperfield-arquitecto","status":"publish","type":"post","link":"https:\/\/estudiodaes.es\/en\/david-chipperfield-arquitecto\/","title":{"rendered":"ARQUITECTURA DE DAVID CHIPPERFIELD EN ESPA\u00d1A"},"content":{"rendered":"<p>David Chipperfield es uno de los arquitectos brit\u00e1nicos m\u00e1s afamados y que ha dejado varios edificios memorables en diferentes ciudades espa\u00f1olas y multitud en el resto del mundo.<\/p>\n\n\n\n<p>BIOGRAFIA:<\/p>\n\n\n\n<p>El arquitecto brit\u00e1nico Sir David Chipperfield (1953) es un\u00e1nimemente reconocido como una de las figuras m\u00e1s eminentes y prestigiosas de la arquitectura contempor\u00e1nea. Su experiencia comienza con su pasant\u00eda en los estudios de Richard Rogers y Norman Foster despu\u00e9s de conseguir una licenciatura en la Architectural Association School of Architecture de Londres (1977).<br><br>Chipperfield funda su propio estudio en 1984 en Londres, su ciudad natal, y va adquiriendo experiencia en la realizaci\u00f3n de obras para todos los sectores, del residencial al p\u00fablico, de las construcciones privadas a los grandes complejos. A continuaci\u00f3n abre estudios en Tokio, Mil\u00e1n, Berl\u00edn y Shangai.<br><br>En 1985 funda junto a Richard Burdett, Yehuda Saffran y Wilf Wang la organizaci\u00f3n 9H Gallery, con el objetivo de dar a conocer en suelo brit\u00e1nico arquitectos y artistas no pertenecientes a los movimientos de tendencia del per\u00edodo, a trav\u00e9s de bosquejos y dibujos.<\/p>\n\n\n\n<figure class=\"wp-block-image size-large\"><a href=\"https:\/\/estudiodaes.es\/wp-content\/uploads\/2021\/07\/david.jpeg\"><img loading=\"lazy\" decoding=\"async\" width=\"1107\" height=\"800\" src=\"https:\/\/estudiodaes.es\/wp-content\/uploads\/2021\/07\/david-1107x800.jpeg\" alt=\"david chipperfield\" class=\"wp-image-8167\" title=\"\" srcset=\"https:\/\/estudiodaes.es\/wp-content\/uploads\/2021\/07\/david-1107x800.jpeg 1107w, https:\/\/estudiodaes.es\/wp-content\/uploads\/2021\/07\/david-554x400.jpeg 554w, https:\/\/estudiodaes.es\/wp-content\/uploads\/2021\/07\/david-768x555.jpeg 768w, https:\/\/estudiodaes.es\/wp-content\/uploads\/2021\/07\/david-1536x1110.jpeg 1536w, https:\/\/estudiodaes.es\/wp-content\/uploads\/2021\/07\/david.jpeg 2000w\" sizes=\"auto, (max-width: 1107px) 100vw, 1107px\" \/><\/a><\/figure>\n\n\n\n<p><br>En los a\u00f1os ochenta Chipperfield centra su trabajo en el proyecto de interiores.<\/p>\n\n\n\n<p>Con la construcci\u00f3n del River and Rowing Museum en Henley-on-Thame (comenzada a finales de los a\u00f1os ochenta y concluida en 1997), adquiere definitivamente fama internacional y se adjudica numerosos reconocimientos.<\/p>\n\n\n\n<p>La arquitectura tiene para Chipperfield un deber moral para con el contexto para el cual ha sido creada: no se la puede utilizar independientemente del paisaje sino que se convierte en elemento de comprensi\u00f3n y mejora de \u00e9ste. La definici\u00f3n del espacio es un proceso de an\u00e1lisis en el que cada decisi\u00f3n debe ser coherente con las otras, sin excepci\u00f3n.<br>Su filosof\u00eda hace hincapi\u00e9 en el proyecto de arquitecturas que se integran en el contexto para el cual han sido ideadas y en la memoria del lugar. Sin seguir modas o estilos del momento, para \u00e9l se trata de una disciplina que refleja los valores sociales que la han generado.<\/p>\n\n\n\n<h3 class=\"wp-block-heading\">DAVID CHIPPERFIELD EN ESPA\u00d1A<\/h3>\n\n\n\n<p><strong>David Chipperfield<\/strong>, uno de los arquitectos brit\u00e1nicos m\u00e1s afamados y responsable de la renovaci\u00f3n de la&nbsp;<strong>Royal Academy of Arts de Londres<\/strong>, ha dejado tambi\u00e9n su huella en Espa\u00f1a a trav\u00e9s de varios edificios. Repasamos los m\u00e1s representativos.<\/p>\n\n\n\n<h3 class=\"wp-block-heading\"><strong>Viviendas sociales en Villaverde, Madrid<\/strong><\/h3>\n\n\n\n<p>El proyecto, de la Empresa Municipal de la Vivienda de Madrid, se levanta en un solar que antes ocupaba una f\u00e1brica. Tiene ocho plantas de altura, una cubierta inclinada y 2.000 metros cuadrados de planta.<\/p>\n\n\n\n<figure class=\"wp-block-image size-large\"><a href=\"https:\/\/estudiodaes.es\/wp-content\/uploads\/2021\/07\/Viviendas-sociales-en-Villaverde-Madrid-1.jpeg\"><img loading=\"lazy\" decoding=\"async\" width=\"800\" height=\"450\" src=\"https:\/\/estudiodaes.es\/wp-content\/uploads\/2021\/07\/Viviendas-sociales-en-Villaverde-Madrid-1.jpeg\" alt=\"\" class=\"wp-image-8142\" title=\"\" srcset=\"https:\/\/estudiodaes.es\/wp-content\/uploads\/2021\/07\/Viviendas-sociales-en-Villaverde-Madrid-1.jpeg 800w, https:\/\/estudiodaes.es\/wp-content\/uploads\/2021\/07\/Viviendas-sociales-en-Villaverde-Madrid-1-711x400.jpeg 711w, https:\/\/estudiodaes.es\/wp-content\/uploads\/2021\/07\/Viviendas-sociales-en-Villaverde-Madrid-1-768x432.jpeg 768w\" sizes=\"auto, (max-width: 800px) 100vw, 800px\" \/><\/a><\/figure>\n\n\n\n<div class=\"wp-block-image\"><figure class=\"aligncenter size-large\"><a href=\"https:\/\/estudiodaes.es\/wp-content\/uploads\/2021\/07\/Viviendas-sociales-en-Villaverde-Madrid-2.jpeg\"><img loading=\"lazy\" decoding=\"async\" width=\"600\" height=\"800\" src=\"https:\/\/estudiodaes.es\/wp-content\/uploads\/2021\/07\/Viviendas-sociales-en-Villaverde-Madrid-2-600x800.jpeg\" alt=\"\" class=\"wp-image-8139\" title=\"\" srcset=\"https:\/\/estudiodaes.es\/wp-content\/uploads\/2021\/07\/Viviendas-sociales-en-Villaverde-Madrid-2-600x800.jpeg 600w, https:\/\/estudiodaes.es\/wp-content\/uploads\/2021\/07\/Viviendas-sociales-en-Villaverde-Madrid-2-300x400.jpeg 300w, https:\/\/estudiodaes.es\/wp-content\/uploads\/2021\/07\/Viviendas-sociales-en-Villaverde-Madrid-2-768x1024.jpeg 768w, https:\/\/estudiodaes.es\/wp-content\/uploads\/2021\/07\/Viviendas-sociales-en-Villaverde-Madrid-2-1152x1536.jpeg 1152w, https:\/\/estudiodaes.es\/wp-content\/uploads\/2021\/07\/Viviendas-sociales-en-Villaverde-Madrid-2.jpeg 1200w\" sizes=\"auto, (max-width: 600px) 100vw, 600px\" \/><\/a><\/figure><\/div>\n\n\n\n<h3 class=\"wp-block-heading\"><strong>Veles e Vents, en Valencia<\/strong><\/h3>\n\n\n\n<p>El proyecto se levant\u00f3 en 11 meses con motivo de las actividades relacionadas con la&nbsp;<strong>Copa Am\u00e9rica 2007<\/strong>. El nombre del edificio hace referencia a poema de Ausi\u00e0s March en el que invocaba la fuerza de los vientos.<\/p>\n\n\n\n<figure class=\"wp-block-image size-large\"><a href=\"https:\/\/estudiodaes.es\/wp-content\/uploads\/2021\/07\/Veles-e-vents.jpeg\"><img loading=\"lazy\" decoding=\"async\" width=\"1400\" height=\"694\" src=\"https:\/\/estudiodaes.es\/wp-content\/uploads\/2021\/07\/Veles-e-vents-1400x694.jpeg\" alt=\"\" class=\"wp-image-8140\" title=\"\" srcset=\"https:\/\/estudiodaes.es\/wp-content\/uploads\/2021\/07\/Veles-e-vents-1400x694.jpeg 1400w, https:\/\/estudiodaes.es\/wp-content\/uploads\/2021\/07\/Veles-e-vents-800x396.jpeg 800w, https:\/\/estudiodaes.es\/wp-content\/uploads\/2021\/07\/Veles-e-vents-768x381.jpeg 768w, https:\/\/estudiodaes.es\/wp-content\/uploads\/2021\/07\/Veles-e-vents-1536x761.jpeg 1536w, https:\/\/estudiodaes.es\/wp-content\/uploads\/2021\/07\/Veles-e-vents.jpeg 1980w\" sizes=\"auto, (max-width: 1400px) 100vw, 1400px\" \/><\/a><figcaption>.<\/figcaption><\/figure>\n\n\n\n<p>La idea era que el edificio <a href=\"https:\/\/veleseventsvalencia.es\/\" target=\"_blank\" aria-label=\"Veles e Vents (opens in a new tab)\" rel=\"noreferrer noopener\" class=\"rank-math-link\">Veles e Vents<\/a> pareciera un sandwich con plataformas horizontales hizo que la primera planta pudiera ser p\u00fablica, en vez de la planta baja, y as\u00ed la gente que entrara a esa zona de terrazas sentir\u00eda que est\u00e1 dentro del edificio exclusivo y forma parte de \u00e9l. Eso era importante para Valencia.<\/p>\n\n\n\n<figure class=\"wp-block-image size-large\"><a href=\"https:\/\/estudiodaes.es\/wp-content\/uploads\/2021\/07\/Veles-e-vents-2.jpg\"><img loading=\"lazy\" decoding=\"async\" width=\"1195\" height=\"800\" src=\"https:\/\/estudiodaes.es\/wp-content\/uploads\/2021\/07\/Veles-e-vents-2-1195x800.jpg\" alt=\"\" class=\"wp-image-8163\" title=\"\" srcset=\"https:\/\/estudiodaes.es\/wp-content\/uploads\/2021\/07\/Veles-e-vents-2-1195x800.jpg 1195w, https:\/\/estudiodaes.es\/wp-content\/uploads\/2021\/07\/Veles-e-vents-2-598x400.jpg 598w, https:\/\/estudiodaes.es\/wp-content\/uploads\/2021\/07\/Veles-e-vents-2-768x514.jpg 768w, https:\/\/estudiodaes.es\/wp-content\/uploads\/2021\/07\/Veles-e-vents-2-1536x1028.jpg 1536w, https:\/\/estudiodaes.es\/wp-content\/uploads\/2021\/07\/Veles-e-vents-2.jpg 1960w\" sizes=\"auto, (max-width: 1195px) 100vw, 1195px\" \/><\/a><\/figure>\n\n\n\n<h3 class=\"wp-block-heading\"><strong>Ciudad de la Justicia, en Barcelona<\/strong><\/h3>\n\n\n\n<p>Desarrollada por Chipperfield y el estudio barcelon\u00e9s Ferm\u00edn V\u00e1zquez B720 Arquitectos, est\u00e1 formada por ocho edificios libres, cuatro de los cuales se conectan a trav\u00e9s de un atrio continuo. Seg\u00fan dijo el arquitecto, \u00abla composici\u00f3n espacial del complejo pretende romper con la imagen r\u00edgida de la justicia\u00bb.Se trata de ocho bloques prism\u00e1ticos que est\u00e1n en aparente desorden aparente, que comparten una plaza p\u00fablica central estableciendo un equilibrio entre sus colores, tama\u00f1os y disposici\u00f3n.<\/p>\n\n\n\n<figure class=\"wp-block-image size-large\"><a href=\"https:\/\/estudiodaes.es\/wp-content\/uploads\/2021\/07\/Ciudad-de-la-Justicia-en-Barcelona.jpeg\"><img loading=\"lazy\" decoding=\"async\" width=\"1400\" height=\"603\" src=\"https:\/\/estudiodaes.es\/wp-content\/uploads\/2021\/07\/Ciudad-de-la-Justicia-en-Barcelona-1400x603.jpeg\" alt=\"\" class=\"wp-image-8164\" title=\"\" srcset=\"https:\/\/estudiodaes.es\/wp-content\/uploads\/2021\/07\/Ciudad-de-la-Justicia-en-Barcelona-1400x603.jpeg 1400w, https:\/\/estudiodaes.es\/wp-content\/uploads\/2021\/07\/Ciudad-de-la-Justicia-en-Barcelona-800x345.jpeg 800w, https:\/\/estudiodaes.es\/wp-content\/uploads\/2021\/07\/Ciudad-de-la-Justicia-en-Barcelona-768x331.jpeg 768w, https:\/\/estudiodaes.es\/wp-content\/uploads\/2021\/07\/Ciudad-de-la-Justicia-en-Barcelona-1536x662.jpeg 1536w, https:\/\/estudiodaes.es\/wp-content\/uploads\/2021\/07\/Ciudad-de-la-Justicia-en-Barcelona.jpeg 2048w\" sizes=\"auto, (max-width: 1400px) 100vw, 1400px\" \/><\/a><\/figure>\n\n\n\n<figure class=\"wp-block-image size-large\"><a href=\"https:\/\/estudiodaes.es\/wp-content\/uploads\/2021\/07\/Ciudad-de-la-Justicia-en-Barcelona-2.jpeg\"><img loading=\"lazy\" decoding=\"async\" width=\"1037\" height=\"778\" src=\"https:\/\/estudiodaes.es\/wp-content\/uploads\/2021\/07\/Ciudad-de-la-Justicia-en-Barcelona-2.jpeg\" alt=\"\" class=\"wp-image-8165\" title=\"\" srcset=\"https:\/\/estudiodaes.es\/wp-content\/uploads\/2021\/07\/Ciudad-de-la-Justicia-en-Barcelona-2.jpeg 1037w, https:\/\/estudiodaes.es\/wp-content\/uploads\/2021\/07\/Ciudad-de-la-Justicia-en-Barcelona-2-533x400.jpeg 533w, https:\/\/estudiodaes.es\/wp-content\/uploads\/2021\/07\/Ciudad-de-la-Justicia-en-Barcelona-2-768x576.jpeg 768w\" sizes=\"auto, (max-width: 1037px) 100vw, 1037px\" \/><\/a><\/figure>\n\n\n\n<h3 class=\"wp-block-heading\"><strong>Su casa privada en Corrubedo, La Coru\u00f1a<\/strong><\/h3>\n\n\n\n<p>Es la casa de veraneo del arquitecto, una obra tan elegante como sensible con una espectacular vista a la bah\u00eda del Vilar y la Ladeira. La casa se asienta sobre una base de piedra y hormig\u00f3n que, siguiendo la vista de abajo arriba, da paso a una ventana panor\u00e1mica que abarca toda la anchura de la casa y proporcionan esas vistas privilegiadas a toda la playa y al puerto. La parte superior est\u00e1 salpicada, como ocurre en los edificios vecinos, de peque\u00f1as ventanas.<\/p>\n\n\n\n<div class=\"wp-block-image\"><figure class=\"aligncenter size-large\"><a href=\"https:\/\/estudiodaes.es\/wp-content\/uploads\/2021\/07\/Viviendas-sociales-en-Villaverde-Madrid-1.jpeg\"><img loading=\"lazy\" decoding=\"async\" width=\"800\" height=\"450\" src=\"https:\/\/estudiodaes.es\/wp-content\/uploads\/2021\/07\/Viviendas-sociales-en-Villaverde-Madrid-1.jpeg\" alt=\"viviendas sociales\" class=\"wp-image-8142\" title=\"\" srcset=\"https:\/\/estudiodaes.es\/wp-content\/uploads\/2021\/07\/Viviendas-sociales-en-Villaverde-Madrid-1.jpeg 800w, https:\/\/estudiodaes.es\/wp-content\/uploads\/2021\/07\/Viviendas-sociales-en-Villaverde-Madrid-1-711x400.jpeg 711w, https:\/\/estudiodaes.es\/wp-content\/uploads\/2021\/07\/Viviendas-sociales-en-Villaverde-Madrid-1-768x432.jpeg 768w\" sizes=\"auto, (max-width: 800px) 100vw, 800px\" \/><\/a><\/figure><\/div>\n\n\n\n<p><strong>Otros proyectos famosos alrededor del mundo<\/strong><br>&nbsp;<br>&#8211; Ristrutturazione ed ampliamento Royal Academy of Arts, Londra (Regno Unito), 2021 (previsto)<br>&#8211; Ristrutturazione della Neue Nationalgalerie, Berlino (Germania), 2019<br>&#8211; Royal Academy of Arts masterplan, Londra (Regno Unito), 2018<br>&#8211; Ampliamento del Museo di Storia Naturale, Zhejiang (Cina), 2018<br>&#8211; Amorepacific headquarters, Seoul (Croea del Sud), 2018<br>&#8211; Cappella e centro visitatori del cimitero Inagawa, Hyogo (Giappone), 2017<br>&#8211; Ampliamento del cimitero monumentale di San Michele in Isola, Venezia (Italia), 2017<br>&#8211; Valentino flagship store, Fifth Avenue, New York (USA), 2014<br>&#8211; Ampliamento del Saint Louis Art Museum, Saint Luis, Missouri (USA), 2013<br>&#8211; Museo Jumex, Citt\u00e0 del Messico (Messico), 2013<br>&#8211; The Hepworth Wakefield Gallery, West Yorkshire (Regno Unito), 2011<br>&#8211; Kaufhaus Tyrol Department Store, Innsbruck (Austria), 2010<br>&#8211; Citt\u00e0 della Giustizia di Barcellona (con b720 Fermin Vazquez Arquitectos), Barcellona (Spagna), 2009<br>&#8211; Ampliamento dell&#8217;Anchorage Museum al Rasmuson Center, Anchorage (Alaska), 2009<br>&#8211; Neues Museum, Isola dei Musei, Berlino (Germania), 2009<br>&#8211; Campus Audiovisual, Barcellona (Spagna), 2008<br>&#8211; Ninetree Village, Hangzhou (Cina), 2008<br>&#8211; Empire Riverside hotel, Amburgo (Germania), 2007<br>&#8211; Liangzhu Museum, Hangzhou (Cina), 2007<br>&#8211; Biblioteca pubblica, Des Moines, Iowa (USA), 2006<br>&#8211; Museum of Modern Literature, Marbach am Neckar (Germania), 2006<br>&#8211; Edificio dell\u2019America\u2019s Cup \u201cVeles e Vents\u201d, Valencia (Spagna), 2006<br>&#8211; Casa privata, Corrubedo (Spagna), 2002<br>&#8211; River &amp; Rowing Museum, Henley-on-Thames (Regno Unito), 1997<br>&#8211; Edificio per uffici, D\u00fcsseldorf (Germania), 1997<br>&#8211; Gotoh Private Museum, Chiba (Giappone), 1992<br>&#8211; Matsumoto Corporation Headquarters, Okayama (Giappone), 1992<br>&#8211; Toyota Auto, Kyoto (Giappone), 1990<\/p>","protected":false},"excerpt":{"rendered":"<p>David Chipperfield es uno de los arquitectos brit\u00e1nicos m\u00e1s afamados y que ha dejado varios edificios memorables en diferentes ciudades espa\u00f1olas y multitud en el resto del mundo. BIOGRAFIA: El arquitecto brit\u00e1nico Sir David Chipperfield (1953) es un\u00e1nimemente reconocido como una de las figuras m\u00e1s eminentes y prestigiosas de la arquitectura contempor\u00e1nea. Su experiencia comienza [&#8230;]\n","protected":false},"author":1,"featured_media":8169,"comment_status":"closed","ping_status":"open","sticky":false,"template":"","format":"standard","meta":{"footnotes":""},"categories":[194],"tags":[],"class_list":["post-8138","post","type-post","status-publish","format-standard","has-post-thumbnail","hentry","category-arquitectura"],"_links":{"self":[{"href":"https:\/\/estudiodaes.es\/en\/wp-json\/wp\/v2\/posts\/8138","targetHints":{"allow":["GET"]}}],"collection":[{"href":"https:\/\/estudiodaes.es\/en\/wp-json\/wp\/v2\/posts"}],"about":[{"href":"https:\/\/estudiodaes.es\/en\/wp-json\/wp\/v2\/types\/post"}],"author":[{"embeddable":true,"href":"https:\/\/estudiodaes.es\/en\/wp-json\/wp\/v2\/users\/1"}],"replies":[{"embeddable":true,"href":"https:\/\/estudiodaes.es\/en\/wp-json\/wp\/v2\/comments?post=8138"}],"version-history":[{"count":5,"href":"https:\/\/estudiodaes.es\/en\/wp-json\/wp\/v2\/posts\/8138\/revisions"}],"predecessor-version":[{"id":8171,"href":"https:\/\/estudiodaes.es\/en\/wp-json\/wp\/v2\/posts\/8138\/revisions\/8171"}],"wp:featuredmedia":[{"embeddable":true,"href":"https:\/\/estudiodaes.es\/en\/wp-json\/wp\/v2\/media\/8169"}],"wp:attachment":[{"href":"https:\/\/estudiodaes.es\/en\/wp-json\/wp\/v2\/media?parent=8138"}],"wp:term":[{"taxonomy":"category","embeddable":true,"href":"https:\/\/estudiodaes.es\/en\/wp-json\/wp\/v2\/categories?post=8138"},{"taxonomy":"post_tag","embeddable":true,"href":"https:\/\/estudiodaes.es\/en\/wp-json\/wp\/v2\/tags?post=8138"}],"curies":[{"name":"wp","href":"https:\/\/api.w.org\/{rel}","templated":true}]}}