{"id":7659,"date":"2021-01-28T16:40:15","date_gmt":"2021-01-28T16:40:15","guid":{"rendered":"https:\/\/estudiodaes.es\/?p=7659"},"modified":"2021-01-28T16:41:09","modified_gmt":"2021-01-28T16:41:09","slug":"arquitectura-clasica-valenciana","status":"publish","type":"post","link":"https:\/\/estudiodaes.es\/en\/arquitectura-clasica-valenciana\/","title":{"rendered":"ARQUITECTURA CL\u00c1SICA VALENCIANA"},"content":{"rendered":"<p>Con la mayor\u00eda de locales de ocio y hosteler\u00eda cerrados en nuestra ciudad(Valencia) como consecuencia de la pandemia, pocos planes hay mejores que disfrutar en nuestro sal\u00f3n de un marat\u00f3n de series y pel\u00edculas. Excepto si eres un amante de la arquitectura, en ese caso puedes salir a dar un paseo por la ciudad para disfrutar de la arquitectura cl\u00e1sica valenciana que envuelve muchos edificios de nuestra ciudad.<\/p>\n\n\n\n<h3 class=\"wp-block-heading\">Lonja<\/h3>\n\n\n\n<p>La\u00a0Lonja de la Seda de Valencia\u00a0o\u00a0Lonja de los Mercaderes\u00a0(en\u00a0valenciano\u00a0Llotja de la Seda\u00a0o\u00a0Llotja de Mercaders)<a href=\"https:\/\/es.wikipedia.org\/wiki\/Lonja_de_la_Seda#cite_note-1\" target=\"_blank\" rel=\"noopener\">1<\/a>\u200b es una obra maestra del\u00a0g\u00f3tico civil valenciano\u00a0situada en el centro hist\u00f3rico de la ciudad de\u00a0Valencia(Espa\u00f1a). Declarada, en 1996,\u00a0Patrimonio de la Humanidad\u00a0por la Unesco, se encuentra situada en la plaza del Mercado, n\u00famero 31, frente a la\u00a0Iglesia de los Santos Juanes\u00a0y del\u00a0Mercado Central de Valencia.<\/p>\n\n\n\n<figure class=\"wp-block-image size-large\"><a href=\"https:\/\/estudiodaes.es\/wp-content\/uploads\/2021\/01\/La-lonja.jpg\"><img loading=\"lazy\" decoding=\"async\" width=\"1024\" height=\"771\" src=\"https:\/\/estudiodaes.es\/wp-content\/uploads\/2021\/01\/La-lonja.jpg\" alt=\"\" class=\"wp-image-7661\" title=\"\" srcset=\"https:\/\/estudiodaes.es\/wp-content\/uploads\/2021\/01\/La-lonja.jpg 1024w, https:\/\/estudiodaes.es\/wp-content\/uploads\/2021\/01\/La-lonja-531x400.jpg 531w, https:\/\/estudiodaes.es\/wp-content\/uploads\/2021\/01\/La-lonja-768x578.jpg 768w\" sizes=\"auto, (max-width: 1024px) 100vw, 1024px\" \/><\/a><\/figure>\n\n\n\n<p>La Lonja consta de tres cuerpos claramente diferenciados y un jard\u00edn o \u00abpatio de naranjos\u00bb. El Sal\u00f3n Columnario o Sala de Contrataci\u00f3n est\u00e1 dividido en tres naves longitudinales y cinco transversales, en funci\u00f3n de las ocho columnas exentas que soportan las b\u00f3vedas. Su altura de 17,40 m&nbsp;transmite una singularidad monumentalidad a las columnas. En esta Sala se instal\u00f3 la Taula de Canvis, instituida en 1407 por el Consejo Municipal de la Ciudad que obtuvo gran prestigio por su solvencia y volumen de operaciones bancarias.<\/p>\n\n\n\n<figure class=\"wp-block-image size-large\"><a href=\"https:\/\/estudiodaes.es\/wp-content\/uploads\/2021\/01\/Columnas-lonja-de-valencia.jpg\"><img loading=\"lazy\" decoding=\"async\" width=\"1030\" height=\"600\" src=\"https:\/\/estudiodaes.es\/wp-content\/uploads\/2021\/01\/Columnas-lonja-de-valencia.jpg\" alt=\"\" class=\"wp-image-7662\" title=\"\" srcset=\"https:\/\/estudiodaes.es\/wp-content\/uploads\/2021\/01\/Columnas-lonja-de-valencia.jpg 1030w, https:\/\/estudiodaes.es\/wp-content\/uploads\/2021\/01\/Columnas-lonja-de-valencia-687x400.jpg 687w, https:\/\/estudiodaes.es\/wp-content\/uploads\/2021\/01\/Columnas-lonja-de-valencia-768x447.jpg 768w\" sizes=\"auto, (max-width: 1030px) 100vw, 1030px\" \/><\/a><\/figure>\n\n\n\n<h3 class=\"wp-block-heading\">La Catedral de Valencia<\/h3>\n\n\n\n<p>Construida sobre un antiguo templo romano que fue posteriormente mezquita, en la Catedral de Valencia predomina el estilo g\u00f3tico, aunque conserva numerosos elementos de diferentes \u00e9pocas, desde el rom\u00e1nico hasta el barroco. Los trabajos de la actual planta comenzaron en el siglo XIII. Cruz latina, girola y cimborrio sobre el crucero. En el siglo XV se construy\u00f3 la Sala Capitular, (hoy Capilla del Santo C\u00e1liz), el cimborrio, el Miguelete y la puerta de los Ap\u00f3stoles. Destacan tambi\u00e9n la puerta de los Hierros, de estilo barroco, y la del Palau o de la Almoina, rom\u00e1nica.<\/p>\n\n\n\n<figure class=\"wp-block-image size-large\"><a href=\"https:\/\/estudiodaes.es\/wp-content\/uploads\/2021\/01\/Catedral-de-valencia.jpg\"><img loading=\"lazy\" decoding=\"async\" width=\"1000\" height=\"792\" src=\"https:\/\/estudiodaes.es\/wp-content\/uploads\/2021\/01\/Catedral-de-valencia.jpg\" alt=\"\" class=\"wp-image-7663\" title=\"\" srcset=\"https:\/\/estudiodaes.es\/wp-content\/uploads\/2021\/01\/Catedral-de-valencia.jpg 1000w, https:\/\/estudiodaes.es\/wp-content\/uploads\/2021\/01\/Catedral-de-valencia-505x400.jpg 505w, https:\/\/estudiodaes.es\/wp-content\/uploads\/2021\/01\/Catedral-de-valencia-768x608.jpg 768w\" sizes=\"auto, (max-width: 1000px) 100vw, 1000px\" \/><\/a><\/figure>\n\n\n\n<p>La Catedral est\u00e1 dedicada desde tiempos de Jaume I a la Asunci\u00f3n de Santa Mar\u00eda y en ella se entremezcla historia y arte. Sus muros y puertas protegen adem\u00e1s tesoros tan valiosos como el Santo C\u00e1liz.<\/p>\n\n\n\n<figure class=\"wp-block-image size-large is-resized\"><a href=\"https:\/\/estudiodaes.es\/wp-content\/uploads\/2021\/01\/interior-catedral.jpg\"><img loading=\"lazy\" decoding=\"async\" src=\"https:\/\/estudiodaes.es\/wp-content\/uploads\/2021\/01\/interior-catedral.jpg\" alt=\"\" class=\"wp-image-7664\" width=\"807\" height=\"587\" title=\"\" srcset=\"https:\/\/estudiodaes.es\/wp-content\/uploads\/2021\/01\/interior-catedral.jpg 666w, https:\/\/estudiodaes.es\/wp-content\/uploads\/2021\/01\/interior-catedral-549x400.jpg 549w\" sizes=\"auto, (max-width: 807px) 100vw, 807px\" \/><\/a><\/figure>\n\n\n\n<p>Tambi\u00e9n en la Catedral se encuentra el Museo Catedralicio, que exhibe hasta 90 obras de diferentes estilos, g\u00f3ticas, renacentistas, manieristas\u2026 Entre ellas destacan los lienzos de Maella y Goya o las pinturas sobre tabla de Juan de Juanes.<\/p>\n\n\n\n<h3 class=\"wp-block-heading\">La bas\u00edlica de la Virgen de los Desamparados<\/h3>\n\n\n\n<p>Es la \u00fanica iglesia del casco hist\u00f3rico que no se levanta sobre antiguas parroquias o conventos, sino que es obra nueva. La c\u00fapula no se sit\u00faa en el centro sino que se halla desplazada aproxim\u00e1ndose a la Catedral. La presencia de camar\u00edn, elemento altamente significativo del barroco y uno de los primeros que se conocen en Espa\u00f1a. A \u00e9ste se accede por una escalera, dedic\u00e1ndose su espacio a la adoraci\u00f3n de la imagen de la Virgen. <\/p>\n\n\n\n<figure class=\"wp-block-image size-large\"><a href=\"https:\/\/estudiodaes.es\/wp-content\/uploads\/2021\/01\/La-basilica.jpg\"><img loading=\"lazy\" decoding=\"async\" width=\"1072\" height=\"800\" src=\"https:\/\/estudiodaes.es\/wp-content\/uploads\/2021\/01\/La-basilica-1072x800.jpg\" alt=\"\" class=\"wp-image-7666\" title=\"\" srcset=\"https:\/\/estudiodaes.es\/wp-content\/uploads\/2021\/01\/La-basilica-1072x800.jpg 1072w, https:\/\/estudiodaes.es\/wp-content\/uploads\/2021\/01\/La-basilica-536x400.jpg 536w, https:\/\/estudiodaes.es\/wp-content\/uploads\/2021\/01\/La-basilica-768x573.jpg 768w, https:\/\/estudiodaes.es\/wp-content\/uploads\/2021\/01\/La-basilica-1536x1146.jpg 1536w, https:\/\/estudiodaes.es\/wp-content\/uploads\/2021\/01\/La-basilica.jpg 1600w\" sizes=\"auto, (max-width: 1072px) 100vw, 1072px\" \/><\/a><\/figure>\n\n\n\n<p>La Real Bas\u00edlica de la Virgen de los Desamparados alberga en su propio edificio el museo dedicado a la Patrona de Val\u00e8ncia (Museo Mariano). La exposici\u00f3n cuenta con una selecci\u00f3n variada de obras de grandes maestros y objetos que abarcan diferentes disciplinas: pintura, escultura, grabado, cer\u00e1mica, textil, esmalte, orfebrer\u00eda, dibujo, mobiliario, ofrendas devocionales, documentos fundacionales y conmemorativos.<\/p>\n\n\n\n<h3 class=\"wp-block-heading\">Miguelete<\/h3>\n\n\n\n<p>El Miguelete&nbsp;es el campanario de la&nbsp;Catedral de Valencia. Su construcci\u00f3n se inici\u00f3 en 1381 y termin\u00f3 en 1429. Tiene en total 70 metros de altura con 207 escalones. Es uno de los monumentos m\u00e1s visitados de la ciudad.<\/p>\n\n\n\n<figure class=\"wp-block-image size-large\"><a href=\"https:\/\/estudiodaes.es\/wp-content\/uploads\/2021\/01\/El-miguelete.jpg\"><img loading=\"lazy\" decoding=\"async\" width=\"800\" height=\"599\" src=\"https:\/\/estudiodaes.es\/wp-content\/uploads\/2021\/01\/El-miguelete.jpg\" alt=\"\" class=\"wp-image-7667\" title=\"\" srcset=\"https:\/\/estudiodaes.es\/wp-content\/uploads\/2021\/01\/El-miguelete.jpg 800w, https:\/\/estudiodaes.es\/wp-content\/uploads\/2021\/01\/El-miguelete-534x400.jpg 534w, https:\/\/estudiodaes.es\/wp-content\/uploads\/2021\/01\/El-miguelete-768x575.jpg 768w\" sizes=\"auto, (max-width: 800px) 100vw, 800px\" \/><\/a><\/figure>\n\n\n\n<p>En&nbsp;El Miguelete&nbsp;hay tres salas: la prisi\u00f3n, la del campanero y la de las campanas. Esta \u00faltima es la \u00fanica que puede visitarse si se coincide con&nbsp;els campaners&nbsp;durante la visita.<\/p>\n\n\n\n<figure class=\"wp-block-image size-large\"><a href=\"https:\/\/estudiodaes.es\/wp-content\/uploads\/2021\/01\/Miguelete-azotea.jpg\"><img loading=\"lazy\" decoding=\"async\" width=\"806\" height=\"522\" src=\"https:\/\/estudiodaes.es\/wp-content\/uploads\/2021\/01\/Miguelete-azotea.jpg\" alt=\"\" class=\"wp-image-7668\" title=\"\" srcset=\"https:\/\/estudiodaes.es\/wp-content\/uploads\/2021\/01\/Miguelete-azotea.jpg 806w, https:\/\/estudiodaes.es\/wp-content\/uploads\/2021\/01\/Miguelete-azotea-618x400.jpg 618w, https:\/\/estudiodaes.es\/wp-content\/uploads\/2021\/01\/Miguelete-azotea-768x497.jpg 768w\" sizes=\"auto, (max-width: 806px) 100vw, 806px\" \/><\/a><\/figure>\n\n\n\n<p>Desde la terraza podr\u00e1n disfrutar de unas maravillosas vistas de la ciudad de&nbsp;Valencia. La actual barandilla de la terraza fue arrasada en el siglo XVIII, y tras una restauraci\u00f3n se utiliz\u00f3 una barandilla met\u00e1lica.<\/p>\n\n\n\n<h3 class=\"wp-block-heading\">Marques de Dos Aguas<\/h3>\n\n\n\n<p>El&nbsp;Palacio del Marqu\u00e9s de Dos Aguas&nbsp;est\u00e1 situado en la calle Rinconada Federico Garc\u00eda Sanchiz, en pleno centro de&nbsp;Valencia.<\/p>\n\n\n\n<figure class=\"wp-block-image size-large\"><a href=\"https:\/\/estudiodaes.es\/wp-content\/uploads\/2021\/01\/Marques-de-dos-aguas.jpg\"><img loading=\"lazy\" decoding=\"async\" width=\"947\" height=\"617\" src=\"https:\/\/estudiodaes.es\/wp-content\/uploads\/2021\/01\/Marques-de-dos-aguas.jpg\" alt=\"\" class=\"wp-image-7669\" title=\"\" srcset=\"https:\/\/estudiodaes.es\/wp-content\/uploads\/2021\/01\/Marques-de-dos-aguas.jpg 947w, https:\/\/estudiodaes.es\/wp-content\/uploads\/2021\/01\/Marques-de-dos-aguas-614x400.jpg 614w, https:\/\/estudiodaes.es\/wp-content\/uploads\/2021\/01\/Marques-de-dos-aguas-768x500.jpg 768w\" sizes=\"auto, (max-width: 947px) 100vw, 947px\" \/><\/a><\/figure>\n\n\n\n<p>Declarado Monumento Hist\u00f3rico Art\u00edstico en 1941, este palacio de estilo claramente&nbsp;rococ\u00f3, estrechamente relacionado con el&nbsp;barroco, se alza sobre la antigua casa de los&nbsp;Rabassa de Perell\u00f3s, titular del&nbsp;marquesado de dos aguas&nbsp;en el a\u00f1o 1740.&nbsp;El edificio se organiza alrededor de un patio y de varias torres en las esquinas.<\/p>\n\n\n\n<figure class=\"wp-block-image size-large\"><a href=\"https:\/\/estudiodaes.es\/wp-content\/uploads\/2021\/01\/Marques-de-dos-aguas-interior.jpg\"><img decoding=\"async\" src=\"https:\/\/estudiodaes.es\/wp-content\/uploads\/2021\/01\/Marques-de-dos-aguas-interior.jpg\" alt=\"\" class=\"wp-image-7670\" title=\"\"><\/a><\/figure>\n\n\n\n<p>La fachada principal est\u00e1 presidida por la imagen de la&nbsp;Virgen, desde donde descienden los dos r\u00edos m\u00e1s caudalosos de la comunidad valenciana: el Turia y el J\u00facar, representados por dos grandes figuras humanas desnudas<\/p>\n\n\n\n<h3 class=\"wp-block-heading\">Colegio de Arte Mayor de la seda<\/h3>\n\n\n\n<p>El Colegio del Arte Mayor de la Seda es uno de los edificios m\u00e1s destacados de la arquitectura y la cultura valenciana, situado en una zona muy especial del casco hist\u00f3rico del centro de la ciudad de Valencia, el barrio de Velluters.<\/p>\n\n\n\n<figure class=\"wp-block-image size-large\"><a href=\"https:\/\/estudiodaes.es\/wp-content\/uploads\/2021\/01\/Colegio-de-Arte-Mayor-de-la-seda.jpg\"><img loading=\"lazy\" decoding=\"async\" width=\"800\" height=\"600\" src=\"https:\/\/estudiodaes.es\/wp-content\/uploads\/2021\/01\/Colegio-de-Arte-Mayor-de-la-seda.jpg\" alt=\"\" class=\"wp-image-7671\" title=\"\" srcset=\"https:\/\/estudiodaes.es\/wp-content\/uploads\/2021\/01\/Colegio-de-Arte-Mayor-de-la-seda.jpg 800w, https:\/\/estudiodaes.es\/wp-content\/uploads\/2021\/01\/Colegio-de-Arte-Mayor-de-la-seda-533x400.jpg 533w, https:\/\/estudiodaes.es\/wp-content\/uploads\/2021\/01\/Colegio-de-Arte-Mayor-de-la-seda-768x576.jpg 768w\" sizes=\"auto, (max-width: 800px) 100vw, 800px\" \/><\/a><\/figure>\n\n\n\n<p>La edificaci\u00f3n data del siglo XV, es de base g\u00f3tica y contiene una important\u00edsima riqueza patrimonial en su interior en forma de frescos, murales y mosaicos, especialmente en este \u00faltimo caso, el suelo de la FAMA. Con su rehabilitaci\u00f3n, impulsada por la Fundaci\u00f3n Hortensia Herrera, se ha recuperado un trozo de la historia material e inmaterial de la ciudad, ya que el gremio de los sederos fue referente en el resto del mundo y uno de los motores de la econom\u00eda valenciana. El archivo del Colegio del Arte Mayor de la Seda es el m\u00e1s importante de Europa y conserva un gran n\u00famero de ejemplares desde su inicio hasta la actualidad en forma de pergaminos, libros y cajas de archivo.<\/p>\n\n\n\n<figure class=\"wp-block-image size-large is-resized\"><a href=\"https:\/\/estudiodaes.es\/wp-content\/uploads\/2021\/01\/Colegio-de-Arte-Mayor-de-la-seda-interior.png\"><img loading=\"lazy\" decoding=\"async\" src=\"https:\/\/estudiodaes.es\/wp-content\/uploads\/2021\/01\/Colegio-de-Arte-Mayor-de-la-seda-interior.png\" alt=\"\" class=\"wp-image-7672\" width=\"800\" height=\"546\" title=\"\" srcset=\"https:\/\/estudiodaes.es\/wp-content\/uploads\/2021\/01\/Colegio-de-Arte-Mayor-de-la-seda-interior.png 703w, https:\/\/estudiodaes.es\/wp-content\/uploads\/2021\/01\/Colegio-de-Arte-Mayor-de-la-seda-interior-586x400.png 586w\" sizes=\"auto, (max-width: 800px) 100vw, 800px\" \/><\/a><\/figure>\n\n\n\n<h3 class=\"wp-block-heading\">Palacio Benicarl\u00f3<\/h3>\n\n\n\n<p>El palacio de Benicarl\u00f3 se construy\u00f3 a finales del siglo XV como residencia de la familia de los Borja, duques de Gandia, sobre un edificio anterior donde estuvo instalada la Escuela de Arte y Gram\u00e1tica de la ciudad desde 1408.<\/p>\n\n\n\n<figure class=\"wp-block-image size-large\"><a href=\"https:\/\/estudiodaes.es\/wp-content\/uploads\/2021\/01\/Palacio-de-benicarlo.jpg\"><img loading=\"lazy\" decoding=\"async\" width=\"1280\" height=\"720\" src=\"https:\/\/estudiodaes.es\/wp-content\/uploads\/2021\/01\/Palacio-de-benicarlo.jpg\" alt=\"\" class=\"wp-image-7673\" title=\"\" srcset=\"https:\/\/estudiodaes.es\/wp-content\/uploads\/2021\/01\/Palacio-de-benicarlo.jpg 1280w, https:\/\/estudiodaes.es\/wp-content\/uploads\/2021\/01\/Palacio-de-benicarlo-711x400.jpg 711w, https:\/\/estudiodaes.es\/wp-content\/uploads\/2021\/01\/Palacio-de-benicarlo-768x432.jpg 768w\" sizes=\"auto, (max-width: 1280px) 100vw, 1280px\" \/><\/a><\/figure>\n\n\n\n<p>Del palacio g\u00f3tico se conserva una portalada con arco de medio punto y la \u00ablogia\u00bb de ventanas del \u00faltimo piso. A mediados del siglo XVIII los sucesores de los duques de Gand\u00eda abandonaron el cuidado del palacio que qued\u00f3 en estado ruinoso hasta que, a mediados del siglo XIX, fue adquirido por la familia Pujals para establecer aqu\u00ed una f\u00e1brica de hilaturas de seda. En el \u00faltimo cuarto de siglo el palacio pas\u00f3 a manos del Conde de Benicarl\u00f3 por cuyo nombre es conocido. Este nuevo<\/p>\n\n\n\n<figure class=\"wp-block-image size-large\"><a href=\"https:\/\/estudiodaes.es\/wp-content\/uploads\/2021\/01\/PAlacio-de-benicarlo-interior.jpg\"><img loading=\"lazy\" decoding=\"async\" width=\"756\" height=\"336\" src=\"https:\/\/estudiodaes.es\/wp-content\/uploads\/2021\/01\/PAlacio-de-benicarlo-interior.jpg\" alt=\"\" class=\"wp-image-7674\" title=\"\"><\/a><\/figure>\n\n\n\n<p>propietario realiz\u00f3 numerosas remodelaciones en el edificio que alteraron su fisonom\u00eda anterior. En esta etapa renace la vida del palacio que recibir\u00e1 ocasionalmente la visita de Alfonso XIII. Durante la guerra civil fue la sede del gobierno Republicano instalado en Valencia y en la actualidad es la sede de las Cortes Valencianas.<\/p>\n\n\n\n<h3 class=\"wp-block-heading\">Monasterio San Miguel de los Reyes<\/h3>\n\n\n\n<p>Fundado por el Duque de Calabria, es uno de los mejores exponentes de la arquitectura valenciana del Renacimiento y puede considerarse como precedente de El Escorial, respondiendo como \u00e9l a las funciones de pante\u00f3n real, monasterio jer\u00f3nimo, colegio e iglesia. Pero ciertas vicisitudes malograron su ambicioso proyecto quedando inacabado. <\/p>\n\n\n\n<figure class=\"wp-block-image size-large\"><a href=\"https:\/\/estudiodaes.es\/wp-content\/uploads\/2021\/01\/Monasterio-San-Miguel-de-los-Reyes.jpg\"><img loading=\"lazy\" decoding=\"async\" width=\"1030\" height=\"600\" src=\"https:\/\/estudiodaes.es\/wp-content\/uploads\/2021\/01\/Monasterio-San-Miguel-de-los-Reyes.jpg\" alt=\"\" class=\"wp-image-7675\" title=\"\" srcset=\"https:\/\/estudiodaes.es\/wp-content\/uploads\/2021\/01\/Monasterio-San-Miguel-de-los-Reyes.jpg 1030w, https:\/\/estudiodaes.es\/wp-content\/uploads\/2021\/01\/Monasterio-San-Miguel-de-los-Reyes-687x400.jpg 687w, https:\/\/estudiodaes.es\/wp-content\/uploads\/2021\/01\/Monasterio-San-Miguel-de-los-Reyes-768x447.jpg 768w\" sizes=\"auto, (max-width: 1030px) 100vw, 1030px\" \/><\/a><\/figure>\n\n\n\n<p>Las trazas son de Alonso de Covarrubias y Juan de Vida\u00f1a, y datan de 1546. La muerte del Duque motiv\u00f3 la imposibilidad de continuar las obras hasta pasados veinte a\u00f1os. Se plantear\u00eda entonces con otros criterios, pero aun as\u00ed ser\u00e1 pr\u00e1cticamente el primer conjunto arquitect\u00f3nico que asume plenamente los planteamientos del Renacimiento. Rehabilitado e inaugurado recientemente (el 23 de abril de 1999), act\u00faa como Biblioteca Valenciana. La rehabilitaci\u00f3n combina el respeto por la historia con los adelantos tecnol\u00f3gicos.<\/p>\n\n\n\n<h3 class=\"wp-block-heading\">Arquitectura cl\u00e1sica<\/h3>\n\n\n\n<p>Como veis, Valencia es un mundo por descubrir en cuanto a arquitectura cl\u00e1sica se refiere.<\/p>","protected":false},"excerpt":{"rendered":"<p>Con la mayor\u00eda de locales de ocio y hosteler\u00eda cerrados en nuestra ciudad(Valencia) como consecuencia de la pandemia, pocos planes hay mejores que disfrutar en nuestro sal\u00f3n de un marat\u00f3n de series y pel\u00edculas. Excepto si eres un amante de la arquitectura, en ese caso puedes salir a dar un paseo por la ciudad para [&#8230;]\n","protected":false},"author":1,"featured_media":7677,"comment_status":"closed","ping_status":"open","sticky":false,"template":"","format":"standard","meta":{"footnotes":""},"categories":[194],"tags":[],"class_list":["post-7659","post","type-post","status-publish","format-standard","has-post-thumbnail","hentry","category-arquitectura"],"_links":{"self":[{"href":"https:\/\/estudiodaes.es\/en\/wp-json\/wp\/v2\/posts\/7659","targetHints":{"allow":["GET"]}}],"collection":[{"href":"https:\/\/estudiodaes.es\/en\/wp-json\/wp\/v2\/posts"}],"about":[{"href":"https:\/\/estudiodaes.es\/en\/wp-json\/wp\/v2\/types\/post"}],"author":[{"embeddable":true,"href":"https:\/\/estudiodaes.es\/en\/wp-json\/wp\/v2\/users\/1"}],"replies":[{"embeddable":true,"href":"https:\/\/estudiodaes.es\/en\/wp-json\/wp\/v2\/comments?post=7659"}],"version-history":[{"count":5,"href":"https:\/\/estudiodaes.es\/en\/wp-json\/wp\/v2\/posts\/7659\/revisions"}],"predecessor-version":[{"id":7679,"href":"https:\/\/estudiodaes.es\/en\/wp-json\/wp\/v2\/posts\/7659\/revisions\/7679"}],"wp:featuredmedia":[{"embeddable":true,"href":"https:\/\/estudiodaes.es\/en\/wp-json\/wp\/v2\/media\/7677"}],"wp:attachment":[{"href":"https:\/\/estudiodaes.es\/en\/wp-json\/wp\/v2\/media?parent=7659"}],"wp:term":[{"taxonomy":"category","embeddable":true,"href":"https:\/\/estudiodaes.es\/en\/wp-json\/wp\/v2\/categories?post=7659"},{"taxonomy":"post_tag","embeddable":true,"href":"https:\/\/estudiodaes.es\/en\/wp-json\/wp\/v2\/tags?post=7659"}],"curies":[{"name":"wp","href":"https:\/\/api.w.org\/{rel}","templated":true}]}}