{"id":7310,"date":"2020-09-03T16:30:51","date_gmt":"2020-09-03T16:30:51","guid":{"rendered":"https:\/\/estudiodaes.es\/?p=7310"},"modified":"2021-02-10T11:33:25","modified_gmt":"2021-02-10T11:33:25","slug":"diseno-en-los-centros-educativos","status":"publish","type":"post","link":"https:\/\/estudiodaes.es\/en\/diseno-en-los-centros-educativos\/","title":{"rendered":"DISE\u00d1O EN CENTROS EDUCATIVOS"},"content":{"rendered":"<p>El dise\u00f1o en los centros educativos comienza a transformarse en lugares donde los colores, la luz o la calidad del aire juegan un papel esencial, sobre todo en estos tiempos que corren.<\/p>\n\n\n\n<p>El centro educativo ser\u00e1 probablemente lo m\u00e1s decisivo para encauzar el futuro de la vida de los alumnos, por eso escolarizarlos en espacios inh\u00f3spitos, mal acondicionados, feos y deteriorados, m\u00e1s parecidos a almacenes que a verdaderos lugares de encuentro y aprendizaje no ser\u00e1 lo m\u00e1s recomendable para ellos y para su futuro.<\/p>\n\n\n\n<p>Tenemos que pensar que los alumnos van a pasar muchas horas del d\u00eda en un centro durante muchos meses e incluso a\u00f1os. Por eso todos queremos y buscamos el m\u00e1s adecuado para nuestros hijos. <\/p>\n\n\n\n<figure class=\"wp-block-image size-large\"><img loading=\"lazy\" decoding=\"async\" width=\"1200\" height=\"800\" src=\"https:\/\/estudiodaes.es\/wp-content\/uploads\/2020\/09\/Escuela-infantil-con-columnas-1200x800.jpg\" alt=\"clase escuela infantil roja con columnas\" class=\"wp-image-7320\" title=\"\" srcset=\"https:\/\/estudiodaes.es\/wp-content\/uploads\/2020\/09\/Escuela-infantil-con-columnas-1200x800.jpg 1200w, https:\/\/estudiodaes.es\/wp-content\/uploads\/2020\/09\/Escuela-infantil-con-columnas-600x400.jpg 600w, https:\/\/estudiodaes.es\/wp-content\/uploads\/2020\/09\/Escuela-infantil-con-columnas-768x512.jpg 768w, https:\/\/estudiodaes.es\/wp-content\/uploads\/2020\/09\/Escuela-infantil-con-columnas.jpg 1475w\" sizes=\"auto, (max-width: 1200px) 100vw, 1200px\" \/><\/figure>\n\n\n\n<p>La sociedad actual solo ofrece a los adolescentes espacios atractivos, limpios, luminosos y c\u00f3modos en cines, centros comerciales, en el Burger King o en McDonald, que contrastan sobremanera con el aspecto l\u00fagubre de los edificios escolares. \u00bfPor que no tener el mismo aspecto para nuestros centros educativos?.<\/p>\n\n\n\n<h4 class=\"wp-block-heading\">RENDIMIENTO ESCOLAR<\/h4>\n\n\n\n<p>No se trata de un aspecto menor. Hay estudios que relacionan las aulas bien dise\u00f1adas con un incremento del rendimiento acad\u00e9mico. Es el caso del informe&nbsp;<em>Clever Classrooms<\/em>&nbsp;(Aulas inteligentes), realizado por Peter Barrett para la Universidad de Salford (Reino Unido). En \u00e9l se destaca que \u201clas diferencias en cuanto a la calidad del aire, la luz y los colores pueden incrementar en un 16% los progresos de los alumnos en su aprendizaje en un solo a\u00f1o\u201d<\/p>\n\n\n\n<figure class=\"wp-block-image size-large\"><img loading=\"lazy\" decoding=\"async\" width=\"848\" height=\"478\" src=\"https:\/\/estudiodaes.es\/wp-content\/uploads\/2020\/09\/nin\u0303os-guarderia-madera.jpg\" alt=\"\" class=\"wp-image-7317\" title=\"\" srcset=\"https:\/\/estudiodaes.es\/wp-content\/uploads\/2020\/09\/nin\u0303os-guarderia-madera.jpg 848w, https:\/\/estudiodaes.es\/wp-content\/uploads\/2020\/09\/nin\u0303os-guarderia-madera-710x400.jpg 710w, https:\/\/estudiodaes.es\/wp-content\/uploads\/2020\/09\/nin\u0303os-guarderia-madera-768x433.jpg 768w, https:\/\/estudiodaes.es\/wp-content\/uploads\/2020\/09\/nin\u0303os-guarderia-madera-600x338.jpg 600w\" sizes=\"auto, (max-width: 848px) 100vw, 848px\" \/><\/figure>\n\n\n\n<p>Poco a poco se esta cambiando el dise\u00f1o de las aulas en Espa\u00f1a despu\u00e9s de muchos a\u00f1os en que ha permanecido inamovible. Los espacios contagian alegr\u00eda y sabidur\u00eda, son amables y contribuyen a muchos de los prop\u00f3sitos que tienen nuestro proceso educativo.<\/p>\n\n\n\n<h3 class=\"wp-block-heading\">CENTROS EDUCATIVOS<\/h3>\n\n\n\n<p>Los espacios educativos tambi\u00e9n suponen un gran reto para los dise\u00f1adores de todo el mundo. Espacios, colores y formas suponen un bonito quebradero de cabeza pero el resultado siempre merece la pena. Aqu\u00ed encontramos varios ejemplos:<\/p>\n\n\n\n<p>Debido a la situaci\u00f3n geogr\u00e1fica y meteorol\u00f3gica de Los Alc\u00e1zares, poblaci\u00f3n situada en el borde del Mar Menor (Murcia),&nbsp;<strong>Cor Asociados<\/strong>&nbsp;plante\u00f3 para la nueva escuela infantil y guarder\u00eda&nbsp;un&nbsp;dise\u00f1o en el que las aulas se vuelcan&nbsp;al patio, filtrando as\u00ed la contaminaci\u00f3n ac\u00fastica&nbsp;y, sobre todo, esponjando el espacio hacia el exterior. De esta forma pueden&nbsp;desarrollar actividades diarias al aire libre.<\/p>\n\n\n\n<figure class=\"wp-block-image size-large\"><img loading=\"lazy\" decoding=\"async\" width=\"1207\" height=\"800\" src=\"https:\/\/estudiodaes.es\/wp-content\/uploads\/2020\/09\/Cor-Asociados-escuela-infantil-1207x800.png\" alt=\"escuela infantil con ventanal de cristal\" class=\"wp-image-7312\" title=\"\" srcset=\"https:\/\/estudiodaes.es\/wp-content\/uploads\/2020\/09\/Cor-Asociados-escuela-infantil-1207x800.png 1207w, https:\/\/estudiodaes.es\/wp-content\/uploads\/2020\/09\/Cor-Asociados-escuela-infantil-604x400.png 604w, https:\/\/estudiodaes.es\/wp-content\/uploads\/2020\/09\/Cor-Asociados-escuela-infantil-768x509.png 768w, https:\/\/estudiodaes.es\/wp-content\/uploads\/2020\/09\/Cor-Asociados-escuela-infantil-1536x1018.png 1536w, https:\/\/estudiodaes.es\/wp-content\/uploads\/2020\/09\/Cor-Asociados-escuela-infantil-600x398.png 600w, https:\/\/estudiodaes.es\/wp-content\/uploads\/2020\/09\/Cor-Asociados-escuela-infantil.png 1772w\" sizes=\"auto, (max-width: 1207px) 100vw, 1207px\" \/><\/figure>\n\n\n\n<p>El color como elemento l\u00fadico y funcional \u2013por ejemplo, para distinguir las diferentes \u00e1reas destinadas a cada grupo de edad\u2013 forma parte importante del proyecto de renovaci\u00f3n y ampliaci\u00f3n de la escuela primaria de B\u00f8nsmoen (Noruega), obra del estudio&nbsp;<strong>Fortunen<\/strong>.&nbsp;En el interior se han creado peque\u00f1os cub\u00edculos que act\u00faan como peque\u00f1as zonas de descanso y tambi\u00e9n para representaciones.<\/p>\n\n\n\n<figure class=\"wp-block-image size-large is-resized\"><img loading=\"lazy\" decoding=\"async\" src=\"https:\/\/estudiodaes.es\/wp-content\/uploads\/2020\/09\/escuela-primaria-de-Bonsmoen.jpg\" alt=\"Escuela infantil con cubos de colores\" class=\"wp-image-7313\" width=\"888\" height=\"410\" title=\"\" srcset=\"https:\/\/estudiodaes.es\/wp-content\/uploads\/2020\/09\/escuela-primaria-de-Bonsmoen.jpg 650w, https:\/\/estudiodaes.es\/wp-content\/uploads\/2020\/09\/escuela-primaria-de-Bonsmoen-600x277.jpg 600w\" sizes=\"auto, (max-width: 888px) 100vw, 888px\" \/><\/figure>\n\n\n\n<p><strong>Larraz Arquitectos<\/strong>&nbsp;plantea en la escuela infantil municipal de Berriozar (Navarra)&nbsp;un proyecto en el que las estancias infantiles se articulan alrededor de una&nbsp;<em>plaza<\/em>&nbsp;central que sirve como lugar de encuentro e interacci\u00f3n. Una celos\u00eda de color envuelve exteriormente el edificio y los patios de juego, matizando y enriqueciendo la relaci\u00f3n entre la calle y los espacios interiores.<\/p>\n\n\n\n<figure class=\"wp-block-image size-large\"><img loading=\"lazy\" decoding=\"async\" width=\"1197\" height=\"800\" src=\"https:\/\/estudiodaes.es\/wp-content\/uploads\/2020\/09\/Larraz-Arquitectos-1197x800.jpg\" alt=\"patio interior escuela infantil\" class=\"wp-image-7314\" title=\"\" srcset=\"https:\/\/estudiodaes.es\/wp-content\/uploads\/2020\/09\/Larraz-Arquitectos-1197x800.jpg 1197w, https:\/\/estudiodaes.es\/wp-content\/uploads\/2020\/09\/Larraz-Arquitectos-599x400.jpg 599w, https:\/\/estudiodaes.es\/wp-content\/uploads\/2020\/09\/Larraz-Arquitectos-768x513.jpg 768w, https:\/\/estudiodaes.es\/wp-content\/uploads\/2020\/09\/Larraz-Arquitectos-1536x1026.jpg 1536w, https:\/\/estudiodaes.es\/wp-content\/uploads\/2020\/09\/Larraz-Arquitectos-600x401.jpg 600w, https:\/\/estudiodaes.es\/wp-content\/uploads\/2020\/09\/Larraz-Arquitectos.jpg 1600w\" sizes=\"auto, (max-width: 1197px) 100vw, 1197px\" \/><\/figure>\n\n\n\n<p>La guarder\u00eda de Forfatterhuset, en Copenhague (Dinamarca), de&nbsp;<strong><a href=\"https:\/\/www.cobe.dk\/\" target=\"_blank\" aria-label=\"COBE Architects (opens in a new tab)\" rel=\"noreferrer noopener\" class=\"rank-math-link\">COBE Architects<\/a><\/strong>,&nbsp;se organiza internamente alrededor de un gran espacio central que recibe la luz natural desde un gran lucernario. La malla met\u00e1lica reproduce la estructura de listones verticales de ladrillo que reviste las fachadas.<\/p>\n\n\n\n<figure class=\"wp-block-image size-large\"><img loading=\"lazy\" decoding=\"async\" width=\"1200\" height=\"800\" src=\"https:\/\/estudiodaes.es\/wp-content\/uploads\/2020\/09\/guarderi\u0301a-de-Forfatterhuset.jpg\" alt=\"guarder\u00eda exterior con patio de Forfatterhuset\" class=\"wp-image-7315\" title=\"\" srcset=\"https:\/\/estudiodaes.es\/wp-content\/uploads\/2020\/09\/guarderi\u0301a-de-Forfatterhuset.jpg 1200w, https:\/\/estudiodaes.es\/wp-content\/uploads\/2020\/09\/guarderi\u0301a-de-Forfatterhuset-600x400.jpg 600w, https:\/\/estudiodaes.es\/wp-content\/uploads\/2020\/09\/guarderi\u0301a-de-Forfatterhuset-768x512.jpg 768w\" sizes=\"auto, (max-width: 1200px) 100vw, 1200px\" \/><\/figure>\n\n\n\n<p>Al estudio&nbsp;<a rel=\"noreferrer noopener\" href=\"http:\/\/www.jurekotnik.com\/\" target=\"_blank\"><strong>Arhitektura Jure Kotnik<\/strong><\/a>&nbsp;le gusta jugar con la arquitectura, por eso recurri\u00f3 a elementos prefabricados de madera en la ampliaci\u00f3n de la guarder\u00eda Kekec, en Ljubljana (Eslovenia). La fachada est\u00e1 cubierta por lamas giratorias con acabado de madera natural por un lado y nueve colores por otro; una soluci\u00f3n a la vez arquitect\u00f3nica y educativa, ya que adem\u00e1s de controlar la luz solar permite a los ni\u00f1os jugar con el aspecto del edificio y aprender de paso los colores.<\/p>\n\n\n\n<figure class=\"wp-block-image size-large is-resized\"><img loading=\"lazy\" decoding=\"async\" src=\"https:\/\/estudiodaes.es\/wp-content\/uploads\/2020\/09\/Arhitektura-Jure-Kotnik-guarderia.jpg\" alt=\"centros educativos\" class=\"wp-image-7316\" width=\"991\" height=\"660\" title=\"\" srcset=\"https:\/\/estudiodaes.es\/wp-content\/uploads\/2020\/09\/Arhitektura-Jure-Kotnik-guarderia.jpg 750w, https:\/\/estudiodaes.es\/wp-content\/uploads\/2020\/09\/Arhitektura-Jure-Kotnik-guarderia-600x400.jpg 600w\" sizes=\"auto, (max-width: 991px) 100vw, 991px\" \/><\/figure>\n\n\n\n<p>Guarder\u00edas, colegios, centros educativos podemos encontrar en cualquier lugar de nuestro pueblo o ciudad. T\u00fa decides donde quieres educar a tus hijos y seguro que vas a querer lo mejor para ellos. <\/p>","protected":false},"excerpt":{"rendered":"<p>El dise\u00f1o en los centros educativos comienza a transformarse en lugares donde los colores, la luz o la calidad del aire juegan un papel esencial, sobre todo en estos tiempos que corren. El centro educativo ser\u00e1 probablemente lo m\u00e1s decisivo para encauzar el futuro de la vida de los alumnos, por eso escolarizarlos en espacios [&#8230;]\n","protected":false},"author":1,"featured_media":7319,"comment_status":"closed","ping_status":"open","sticky":false,"template":"","format":"standard","meta":{"footnotes":""},"categories":[194],"tags":[],"class_list":["post-7310","post","type-post","status-publish","format-standard","has-post-thumbnail","hentry","category-arquitectura"],"_links":{"self":[{"href":"https:\/\/estudiodaes.es\/en\/wp-json\/wp\/v2\/posts\/7310","targetHints":{"allow":["GET"]}}],"collection":[{"href":"https:\/\/estudiodaes.es\/en\/wp-json\/wp\/v2\/posts"}],"about":[{"href":"https:\/\/estudiodaes.es\/en\/wp-json\/wp\/v2\/types\/post"}],"author":[{"embeddable":true,"href":"https:\/\/estudiodaes.es\/en\/wp-json\/wp\/v2\/users\/1"}],"replies":[{"embeddable":true,"href":"https:\/\/estudiodaes.es\/en\/wp-json\/wp\/v2\/comments?post=7310"}],"version-history":[{"count":7,"href":"https:\/\/estudiodaes.es\/en\/wp-json\/wp\/v2\/posts\/7310\/revisions"}],"predecessor-version":[{"id":7327,"href":"https:\/\/estudiodaes.es\/en\/wp-json\/wp\/v2\/posts\/7310\/revisions\/7327"}],"wp:featuredmedia":[{"embeddable":true,"href":"https:\/\/estudiodaes.es\/en\/wp-json\/wp\/v2\/media\/7319"}],"wp:attachment":[{"href":"https:\/\/estudiodaes.es\/en\/wp-json\/wp\/v2\/media?parent=7310"}],"wp:term":[{"taxonomy":"category","embeddable":true,"href":"https:\/\/estudiodaes.es\/en\/wp-json\/wp\/v2\/categories?post=7310"},{"taxonomy":"post_tag","embeddable":true,"href":"https:\/\/estudiodaes.es\/en\/wp-json\/wp\/v2\/tags?post=7310"}],"curies":[{"name":"wp","href":"https:\/\/api.w.org\/{rel}","templated":true}]}}