{"id":6174,"date":"2019-08-02T13:25:26","date_gmt":"2019-08-02T13:25:26","guid":{"rendered":"https:\/\/estudiodaes.es\/?p=6174"},"modified":"2019-08-05T09:33:59","modified_gmt":"2019-08-05T09:33:59","slug":"decorar-el-salon-comedor-como-un-profesional","status":"publish","type":"post","link":"https:\/\/estudiodaes.es\/en\/decorar-el-salon-comedor-como-un-profesional\/","title":{"rendered":"COMO DECORAR EL SAL\u00d3N COMEDOR COMO UN PROFESIONAL"},"content":{"rendered":"<h2 class=\"wp-block-heading\">11 ideas para decorar el sal\u00f3n\ncomedor como un profesional<\/h2>\n\n\n\n<p>El sal\u00f3n comedor es el punto de encuentro que\ntenemos todos en casa, donde nos reunimos cuando estamos con la familia o con\namigos; por eso decorar el sal\u00f3n comedor como un profesional es fundamental\npara transmitir buenas sensaciones y as\u00ed poder disfrutar de agradables\nreuniones, comidas o cenas.<\/p>\n\n\n\n<p>Los dise\u00f1os de anta\u00f1o han sido sustituidos por\nproyectos mucho m\u00e1s funcionales que unen en un mismo espacio ambas estancias,\ncreando zonas mucho m\u00e1s amplias y aprovechando al m\u00e1ximo los metros\ndisponibles.&nbsp;<\/p>\n\n\n\n<p>El dise\u00f1o y decoraci\u00f3n de un sal\u00f3n comedor debe enfocarse\na su car\u00e1cter como estancia social sin dejar de lado el sentido pr\u00e1ctico en la\nque tambi\u00e9n organizamos citas gastron\u00f3micas. Se trata pues de configurar un\n\u00fanico proyecto decorativo para una sala con diferentes funciones.&nbsp;<\/p>\n\n\n\n<p>La &nbsp;iluminaci\u00f3n o el mobiliario se convertir\u00e1n en\naspectos esenciales aunque el estilo final dependa de los gustos particulares\nde cada uno. <\/p>\n\n\n\n<p>Aqu\u00ed te aconsejamos 11 ideas para decorar, que te pueden inspirar a decorar tu sal\u00f3n-comedor como un verdadero profesional. Si no eres un profesional, lo mejor es que te pongas siempre en manos de ellos para cualquier cambio.<\/p>\n\n\n\n<h2 class=\"wp-block-heading\">1. Sal\u00f3n a doble altura<\/h2>\n\n\n\n<p>Un sal\u00f3n dise\u00f1ado a doble altura es el recurso\nelegido para dar a tu comedor un aspecto \u00fanico. Techos infinitos en madera, la\nescalera o el sistema de divisi\u00f3n de espacios empleados son tambi\u00e9n elementos\nque imprimen car\u00e1cter a tu sal\u00f3n-comedor. <\/p>\n\n\n\n<div class=\"wp-block-image\"><figure class=\"aligncenter\"><img loading=\"lazy\" decoding=\"async\" width=\"2364\" height=\"3012\" src=\"https:\/\/estudiodaes.es\/wp-content\/uploads\/2019\/08\/011-decoracion-interiorismo-valencia-arquitectura.jpg\" alt=\"salon con altura doble\" class=\"wp-image-6193\" title=\"\" srcset=\"https:\/\/estudiodaes.es\/wp-content\/uploads\/2019\/08\/011-decoracion-interiorismo-valencia-arquitectura.jpg 2364w, https:\/\/estudiodaes.es\/wp-content\/uploads\/2019\/08\/011-decoracion-interiorismo-valencia-arquitectura-314x400.jpg 314w, https:\/\/estudiodaes.es\/wp-content\/uploads\/2019\/08\/011-decoracion-interiorismo-valencia-arquitectura-768x979.jpg 768w, https:\/\/estudiodaes.es\/wp-content\/uploads\/2019\/08\/011-decoracion-interiorismo-valencia-arquitectura-628x800.jpg 628w, https:\/\/estudiodaes.es\/wp-content\/uploads\/2019\/08\/011-decoracion-interiorismo-valencia-arquitectura-600x764.jpg 600w\" sizes=\"auto, (max-width: 2364px) 100vw, 2364px\" \/><\/figure><\/div>\n\n\n\n<h2 class=\"wp-block-heading\">2. Colores blanco y negro<\/h2>\n\n\n\n<p>Si lo que quieres es un sal\u00f3n-comedor elegante y\ndistinguido, apuesta por el cl\u00e1sico blanco y negro, una combinaci\u00f3n propia de\nambientes modernos.<\/p>\n\n\n\n<div class=\"wp-block-image\"><figure class=\"aligncenter\"><img loading=\"lazy\" decoding=\"async\" width=\"784\" height=\"560\" src=\"https:\/\/estudiodaes.es\/wp-content\/uploads\/2019\/08\/013-decoracion-interiorismo-valencia-arquitectura.jpg\" alt=\"decoracion de salon en blanco y negro\" class=\"wp-image-6194\" title=\"\" srcset=\"https:\/\/estudiodaes.es\/wp-content\/uploads\/2019\/08\/013-decoracion-interiorismo-valencia-arquitectura.jpg 784w, https:\/\/estudiodaes.es\/wp-content\/uploads\/2019\/08\/013-decoracion-interiorismo-valencia-arquitectura-560x400.jpg 560w, https:\/\/estudiodaes.es\/wp-content\/uploads\/2019\/08\/013-decoracion-interiorismo-valencia-arquitectura-768x549.jpg 768w, https:\/\/estudiodaes.es\/wp-content\/uploads\/2019\/08\/013-decoracion-interiorismo-valencia-arquitectura-600x429.jpg 600w\" sizes=\"auto, (max-width: 784px) 100vw, 784px\" \/><\/figure><\/div>\n\n\n\n<h2 class=\"wp-block-heading\">3. Madera<\/h2>\n\n\n\n<p>&nbsp;Si quieres elegir una gran pieza de madera en tu sal\u00f3n, aprende a equilibrar su impacto con un parquet en un tono clarito y los muebles y las paredes de color blanco. En este sal\u00f3n la gran mesa de centro de <a href=\"https:\/\/www.tikamoon.es\/\" target=\"_blank\" rel=\"noreferrer noopener\" aria-label=\"madera (abre en una nueva pesta\u00f1a)\">madera<\/a> es la protagonista.<\/p>\n\n\n\n<div class=\"wp-block-image\"><figure class=\"aligncenter\"><img loading=\"lazy\" decoding=\"async\" width=\"1333\" height=\"2000\" src=\"https:\/\/estudiodaes.es\/wp-content\/uploads\/2019\/08\/Salo\u0301n-Madera.jpg\" alt=\"mesa de madera con sofas blancos sobre parquet\" class=\"wp-image-6177\" title=\"\" srcset=\"https:\/\/estudiodaes.es\/wp-content\/uploads\/2019\/08\/Salo\u0301n-Madera.jpg 1333w, https:\/\/estudiodaes.es\/wp-content\/uploads\/2019\/08\/Salo\u0301n-Madera-267x400.jpg 267w, https:\/\/estudiodaes.es\/wp-content\/uploads\/2019\/08\/Salo\u0301n-Madera-768x1152.jpg 768w, https:\/\/estudiodaes.es\/wp-content\/uploads\/2019\/08\/Salo\u0301n-Madera-533x800.jpg 533w, https:\/\/estudiodaes.es\/wp-content\/uploads\/2019\/08\/Salo\u0301n-Madera-600x900.jpg 600w\" sizes=\"auto, (max-width: 1333px) 100vw, 1333px\" \/><\/figure><\/div>\n\n\n\n<h2 class=\"wp-block-heading\">4. La elegancia de lo r\u00fastico<\/h2>\n\n\n\n<p>Los peque\u00f1os detalles pueden transformar por completo los espacios. Los salones empleados en la zona del comedor o las l\u00e1mparas de ara\u00f1a envueltas en hierro son solo parte del encanto de un espacio especialmente acogedor.&nbsp;Tambi\u00e9n se podemos utilizar otro tipo de l\u00e1mparas o figuras artesanales sobre el mobiliario.<\/p>\n\n\n\n<div class=\"wp-block-image\"><figure class=\"aligncenter\"><img loading=\"lazy\" decoding=\"async\" width=\"375\" height=\"500\" src=\"https:\/\/estudiodaes.es\/wp-content\/uploads\/2019\/08\/detalles-rusticos.jpg\" alt=\"lampara rustica\" class=\"wp-image-6178\" title=\"\" srcset=\"https:\/\/estudiodaes.es\/wp-content\/uploads\/2019\/08\/detalles-rusticos.jpg 375w, https:\/\/estudiodaes.es\/wp-content\/uploads\/2019\/08\/detalles-rusticos-300x400.jpg 300w\" sizes=\"auto, (max-width: 375px) 100vw, 375px\" \/><\/figure><\/div>\n\n\n\n<h2 class=\"wp-block-heading\">5. Toque azul<\/h2>\n\n\n\n<p>Para &nbsp;conseguir dise\u00f1os atractivos y llenos de car\u00e1cter debemos usar contrastes. El color azul es el color perfecto para generar contrastes, aunque tambi\u00e9n se pueden utilizar verdes, oros o rojos. <\/p>\n\n\n\n<div class=\"wp-block-image\"><figure class=\"aligncenter\"><img loading=\"lazy\" decoding=\"async\" width=\"1198\" height=\"800\" src=\"https:\/\/estudiodaes.es\/wp-content\/uploads\/2019\/08\/azul-1198x800.jpg\" alt=\"sala de estar con toque de color azul\" class=\"wp-image-6199\" title=\"\" srcset=\"https:\/\/estudiodaes.es\/wp-content\/uploads\/2019\/08\/azul-1198x800.jpg 1198w, https:\/\/estudiodaes.es\/wp-content\/uploads\/2019\/08\/azul-599x400.jpg 599w, https:\/\/estudiodaes.es\/wp-content\/uploads\/2019\/08\/azul-768x513.jpg 768w, https:\/\/estudiodaes.es\/wp-content\/uploads\/2019\/08\/azul-600x401.jpg 600w\" sizes=\"auto, (max-width: 1198px) 100vw, 1198px\" \/><\/figure><\/div>\n\n\n\n<h2 class=\"wp-block-heading\">6. Mezcla de materiales <\/h2>\n\n\n\n<p>Mezcla de materiales. Ladrillos blancos de las\nparedes, acompa\u00f1ados por accesorios en mimbre como la mesa de centro&nbsp; hacen\na este dise\u00f1o un toque r\u00fastico espectacular.&nbsp;<\/p>\n\n\n\n<div class=\"wp-block-image\"><figure class=\"aligncenter\"><img loading=\"lazy\" decoding=\"async\" width=\"792\" height=\"800\" src=\"https:\/\/estudiodaes.es\/wp-content\/uploads\/2019\/08\/001-decoracion-interiorismo-valencia-arquitectura-792x800.jpg\" alt=\"decoracion de un salon de una casa\" class=\"wp-image-6195\" title=\"\" srcset=\"https:\/\/estudiodaes.es\/wp-content\/uploads\/2019\/08\/001-decoracion-interiorismo-valencia-arquitectura-792x800.jpg 792w, https:\/\/estudiodaes.es\/wp-content\/uploads\/2019\/08\/001-decoracion-interiorismo-valencia-arquitectura-396x400.jpg 396w, https:\/\/estudiodaes.es\/wp-content\/uploads\/2019\/08\/001-decoracion-interiorismo-valencia-arquitectura-768x775.jpg 768w, https:\/\/estudiodaes.es\/wp-content\/uploads\/2019\/08\/001-decoracion-interiorismo-valencia-arquitectura-600x606.jpg 600w, https:\/\/estudiodaes.es\/wp-content\/uploads\/2019\/08\/001-decoracion-interiorismo-valencia-arquitectura-100x100.jpg 100w\" sizes=\"auto, (max-width: 792px) 100vw, 792px\" \/><\/figure><\/div>\n\n\n\n<h2 class=\"wp-block-heading\">7. Un sal\u00f3n con vistas<\/h2>\n\n\n\n<p>Si dispones de una galer\u00eda, balc\u00f3n o terraza cubierta, es el escenario ideal para dise\u00f1ar un espacio con encanto como este.&nbsp;Es el lugar perfecto para ubicar tu sal\u00f3n-comedor, sobre todo en verano que es cuando m\u00e1s se disfrutan estos espacios. Si es un apartamento vacacional, te ense\u00f1amos a <a href=\"https:\/\/estudiodaes.es\/en\/8-ideas-para-decorar-tu-casa-en-verano\/\" target=\"_blank\" rel=\"noreferrer noopener\" aria-label=\"como decorar tu casa en verano. (abre en una nueva pesta\u00f1a)\">como decorar tu casa en verano.<\/a> <\/p>\n\n\n\n<div class=\"wp-block-image\"><figure class=\"aligncenter\"><img loading=\"lazy\" decoding=\"async\" width=\"1120\" height=\"800\" src=\"https:\/\/estudiodaes.es\/wp-content\/uploads\/2019\/08\/salon-apartamento-benicassim-proyecto-estudiodaes-04-1120x800.jpg\" alt=\"salon comedor junto a ventanales con mucha luz\" class=\"wp-image-6182\" title=\"\" srcset=\"https:\/\/estudiodaes.es\/wp-content\/uploads\/2019\/08\/salon-apartamento-benicassim-proyecto-estudiodaes-04-1120x800.jpg 1120w, https:\/\/estudiodaes.es\/wp-content\/uploads\/2019\/08\/salon-apartamento-benicassim-proyecto-estudiodaes-04-560x400.jpg 560w, https:\/\/estudiodaes.es\/wp-content\/uploads\/2019\/08\/salon-apartamento-benicassim-proyecto-estudiodaes-04-768x548.jpg 768w, https:\/\/estudiodaes.es\/wp-content\/uploads\/2019\/08\/salon-apartamento-benicassim-proyecto-estudiodaes-04-600x428.jpg 600w, https:\/\/estudiodaes.es\/wp-content\/uploads\/2019\/08\/salon-apartamento-benicassim-proyecto-estudiodaes-04.jpg 1500w\" sizes=\"auto, (max-width: 1120px) 100vw, 1120px\" \/><figcaption><a href=\"https:\/\/estudiodaes.es\/en\/featured_item\/apartamento-en-benicassim\/\">Apartamento Benicassim<\/a><\/figcaption><\/figure><\/div>\n\n\n\n<h2 class=\"wp-block-heading\">8. L\u00edneas modernas<\/h2>\n\n\n\n<p>Las l\u00edneas modernas se aprecian no solo en el mobiliario, sino en la\npropia geometr\u00eda del espacio. Un espacio minimalista siempre es un acierto que\nse admira mucho. <\/p>\n\n\n\n<figure class=\"wp-block-image\"><img loading=\"lazy\" decoding=\"async\" width=\"760\" height=\"600\" src=\"https:\/\/estudiodaes.es\/wp-content\/uploads\/2019\/08\/interior-minimal.jpg\" alt=\"salon minimal con sofa blanco y parquet\" class=\"wp-image-6183\" title=\"\" srcset=\"https:\/\/estudiodaes.es\/wp-content\/uploads\/2019\/08\/interior-minimal.jpg 760w, https:\/\/estudiodaes.es\/wp-content\/uploads\/2019\/08\/interior-minimal-507x400.jpg 507w, https:\/\/estudiodaes.es\/wp-content\/uploads\/2019\/08\/interior-minimal-600x474.jpg 600w\" sizes=\"auto, (max-width: 760px) 100vw, 760px\" \/><\/figure>\n\n\n\n<h2 class=\"wp-block-heading\">9. Ambiente industrial <\/h2>\n\n\n\n<p>Como ya ve\u00edamos al inicio de este libro de ideas, el empleo de\ndistintos niveles en el dise\u00f1o del sal\u00f3n comedor es una opci\u00f3n perfecta para\nimprimir car\u00e1cter al espacio. Esta sala de corte industrial ubica la zona de\nsal\u00f3n en el cambio de nivel e incorpora detalles de gusto y estilo como el\ntecho de hormig\u00f3n o la pared principal de ladrillo visto, recursos muy\ncaracter\u00edsticos de ambientes industriales.<\/p>\n\n\n\n<figure class=\"wp-block-image\"><img loading=\"lazy\" decoding=\"async\" width=\"800\" height=\"450\" src=\"https:\/\/estudiodaes.es\/wp-content\/uploads\/2019\/08\/salon-industrial.jpeg\" alt=\"salon comedor industrial con chimenea y ladrillo caravista\" class=\"wp-image-6184\" title=\"\" srcset=\"https:\/\/estudiodaes.es\/wp-content\/uploads\/2019\/08\/salon-industrial.jpeg 800w, https:\/\/estudiodaes.es\/wp-content\/uploads\/2019\/08\/salon-industrial-711x400.jpeg 711w, https:\/\/estudiodaes.es\/wp-content\/uploads\/2019\/08\/salon-industrial-768x432.jpeg 768w, https:\/\/estudiodaes.es\/wp-content\/uploads\/2019\/08\/salon-industrial-600x338.jpeg 600w\" sizes=\"auto, (max-width: 800px) 100vw, 800px\" \/><\/figure>\n\n\n\n<h2 class=\"wp-block-heading\">10. Estilo retro<\/h2>\n\n\n\n<p>Para los nost\u00e1lgicos, no pod\u00eda faltar en nuestro repaso por las\nmejores ideas para decorar tu sal\u00f3n comedor como un profesional una propuesta\nvintage como esta. <\/p>\n\n\n\n<figure class=\"wp-block-image\"><img loading=\"lazy\" decoding=\"async\" width=\"3896\" height=\"2904\" src=\"https:\/\/estudiodaes.es\/wp-content\/uploads\/2019\/08\/retro-vintaje2.jpg\" alt=\"salon con muebles vintaje de colores claros\" class=\"wp-image-6186\" title=\"\" srcset=\"https:\/\/estudiodaes.es\/wp-content\/uploads\/2019\/08\/retro-vintaje2.jpg 3896w, https:\/\/estudiodaes.es\/wp-content\/uploads\/2019\/08\/retro-vintaje2-537x400.jpg 537w, https:\/\/estudiodaes.es\/wp-content\/uploads\/2019\/08\/retro-vintaje2-768x572.jpg 768w, https:\/\/estudiodaes.es\/wp-content\/uploads\/2019\/08\/retro-vintaje2-1073x800.jpg 1073w, https:\/\/estudiodaes.es\/wp-content\/uploads\/2019\/08\/retro-vintaje2-600x447.jpg 600w\" sizes=\"auto, (max-width: 3896px) 100vw, 3896px\" \/><\/figure>\n\n\n\n<h2 class=\"wp-block-heading\">11. Estilo cl\u00e1sico.<\/h2>\n\n\n\n<p>El ambiente cl\u00e1sico es apreciable no solo en la divisi\u00f3n de los ambientes sino en el mobiliario elegido, los accesorios y hasta la alfombra.&nbsp;Es  una opci\u00f3n que nunca falla. <\/p>\n\n\n\n<figure class=\"wp-block-image\"><img loading=\"lazy\" decoding=\"async\" width=\"1400\" height=\"750\" src=\"https:\/\/estudiodaes.es\/wp-content\/uploads\/2019\/08\/comedor-clasico-1400x750.jpg\" alt=\"salon comedor de decoraci\u00f3n neocl\u00e1sico, mesa comedor con sillas y alfombra\" class=\"wp-image-6187\" title=\"\" srcset=\"https:\/\/estudiodaes.es\/wp-content\/uploads\/2019\/08\/comedor-clasico.jpg 1400w, https:\/\/estudiodaes.es\/wp-content\/uploads\/2019\/08\/comedor-clasico-747x400.jpg 747w, https:\/\/estudiodaes.es\/wp-content\/uploads\/2019\/08\/comedor-clasico-768x411.jpg 768w, https:\/\/estudiodaes.es\/wp-content\/uploads\/2019\/08\/comedor-clasico-600x321.jpg 600w\" sizes=\"auto, (max-width: 1400px) 100vw, 1400px\" \/><\/figure>\n\n\n\n<p>Estas son solo algunas de las muchas ideas que te ofrecemos a a la hora de cambiar tu sal\u00f3n comedor. Lo ideal es conocer a cada cliente, su personalidad y sus gustos para as\u00ed poder orientar hacia una direcci\u00f3n u otra en la decoraci\u00f3n. <\/p>","protected":false},"excerpt":{"rendered":"<p>11 ideas para decorar el sal\u00f3n comedor como un profesional El sal\u00f3n comedor es el punto de encuentro que tenemos todos en casa, donde nos reunimos cuando estamos con la familia o con amigos; por eso decorar el sal\u00f3n comedor como un profesional es fundamental para transmitir buenas sensaciones y as\u00ed poder disfrutar de agradables [&#8230;]\n","protected":false},"author":1,"featured_media":6195,"comment_status":"closed","ping_status":"open","sticky":false,"template":"","format":"standard","meta":{"footnotes":""},"categories":[222,17],"tags":[],"class_list":["post-6174","post","type-post","status-publish","format-standard","has-post-thumbnail","hentry","category-decoracion-interior","category-estilo"],"_links":{"self":[{"href":"https:\/\/estudiodaes.es\/en\/wp-json\/wp\/v2\/posts\/6174","targetHints":{"allow":["GET"]}}],"collection":[{"href":"https:\/\/estudiodaes.es\/en\/wp-json\/wp\/v2\/posts"}],"about":[{"href":"https:\/\/estudiodaes.es\/en\/wp-json\/wp\/v2\/types\/post"}],"author":[{"embeddable":true,"href":"https:\/\/estudiodaes.es\/en\/wp-json\/wp\/v2\/users\/1"}],"replies":[{"embeddable":true,"href":"https:\/\/estudiodaes.es\/en\/wp-json\/wp\/v2\/comments?post=6174"}],"version-history":[{"count":12,"href":"https:\/\/estudiodaes.es\/en\/wp-json\/wp\/v2\/posts\/6174\/revisions"}],"predecessor-version":[{"id":6204,"href":"https:\/\/estudiodaes.es\/en\/wp-json\/wp\/v2\/posts\/6174\/revisions\/6204"}],"wp:featuredmedia":[{"embeddable":true,"href":"https:\/\/estudiodaes.es\/en\/wp-json\/wp\/v2\/media\/6195"}],"wp:attachment":[{"href":"https:\/\/estudiodaes.es\/en\/wp-json\/wp\/v2\/media?parent=6174"}],"wp:term":[{"taxonomy":"category","embeddable":true,"href":"https:\/\/estudiodaes.es\/en\/wp-json\/wp\/v2\/categories?post=6174"},{"taxonomy":"post_tag","embeddable":true,"href":"https:\/\/estudiodaes.es\/en\/wp-json\/wp\/v2\/tags?post=6174"}],"curies":[{"name":"wp","href":"https:\/\/api.w.org\/{rel}","templated":true}]}}