{"id":5622,"date":"2019-04-20T11:16:35","date_gmt":"2019-04-20T11:16:35","guid":{"rendered":"https:\/\/estudiodaes.es\/?p=5622"},"modified":"2019-04-25T08:43:44","modified_gmt":"2019-04-25T08:43:44","slug":"las-mejores-catedrales-de-europa","status":"publish","type":"post","link":"https:\/\/estudiodaes.es\/en\/las-mejores-catedrales-de-europa\/","title":{"rendered":"LAS MEJORES CATEDRALES  DE EUROPA"},"content":{"rendered":"<p>Una <strong>catedral es un templo cristiano<\/strong>, donde tiene sede o c\u00e1tedra  el obispo. Las catedrales surgieron como una nueva construcci\u00f3n, o como evoluci\u00f3n de una primigenia iglesia monalcal. A la gran mayor\u00eda de catedrales se las asimila con el estilo g\u00f3tico. &nbsp;A continuaci\u00f3n os mostramos l<strong>as mejores  catedrales de Europa<\/strong>, verdaderas obras de arte de la arquitectura. <\/p>\n\n\n\n<h3 class=\"wp-block-heading\">CATEDRAL DE NOTRE DAME<\/h3>\n\n\n\n<p>La catedral de <strong>Notre Dame (Nuestra Se\u00f1ora)<\/strong> de estilo g\u00f3tico fue construida entre los a\u00f1os 1163 y 1245, siendo uno de los monumentos m\u00e1s antiguos del estilo g\u00f3tico y m\u00e1s importantes de la ciudad de Par\u00eds. En ella se produjeron grandes acontecimientos como la coronaci\u00f3n de Napole\u00f3n Bonaparte, la coronaci\u00f3n de Enrique VI de Inglaterra y la beatificaci\u00f3n de Juana de Arco. Uno de los emblemas de esta bella catedral son sus formidables g\u00e1rgolas incorporadas en 1845 por el arquitecto <a href=\"https:\/\/es.wikipedia.org\/wiki\/Eug%C3%A8ne_Viollet-le-Duc\" target=\"_blank\" rel=\"noopener\">Eug\u00e8ne Viollet-le-Duc<\/a>, adem\u00e1s de a\u00f1adir la caracter\u00edstica aguja de 96m y eliminar los edificios colindantes<\/p>\n\n\n\n<p>El 15 de abril de 2019 el edificio sufri\u00f3 da\u00f1os significativos a causa de\u00a0<a href=\"https:\/\/es.wikipedia.org\/wiki\/Incendio_en_la_catedral_de_Notre_Dame_de_Par%C3%ADs\" target=\"_blank\" rel=\"noopener\">un incendio<\/a>; dos tercios de la techumbre fueron destruidos, la aguja central de Viollet-le-Duc cay\u00f3 y los rosetones quedaron da\u00f1ados. El fuego pudo deberse a un descuido durante las obras de remozamiento que se estaban efectuando, pero esta suposici\u00f3n est\u00e1 sujeta a una investigaci\u00f3n ahora en curso.<\/p>\n\n\n\n<figure class=\"wp-block-image\"><img loading=\"lazy\" decoding=\"async\" width=\"1000\" height=\"800\" src=\"https:\/\/estudiodaes.es\/wp-content\/uploads\/2019\/04\/Catedral-Notre-Dame-1000x800.jpg\" alt=\"Las mejores catedrales de Europa\" class=\"wp-image-5625\" title=\"\" srcset=\"https:\/\/estudiodaes.es\/wp-content\/uploads\/2019\/04\/Catedral-Notre-Dame.jpg 1000w, https:\/\/estudiodaes.es\/wp-content\/uploads\/2019\/04\/Catedral-Notre-Dame-500x400.jpg 500w, https:\/\/estudiodaes.es\/wp-content\/uploads\/2019\/04\/Catedral-Notre-Dame-768x614.jpg 768w, https:\/\/estudiodaes.es\/wp-content\/uploads\/2019\/04\/Catedral-Notre-Dame-600x480.jpg 600w\" sizes=\"auto, (max-width: 1000px) 100vw, 1000px\" \/><\/figure>\n\n\n\n<h3 class=\"wp-block-heading\">CATEDRAL DE LE\u00d3N<\/h3>\n\n\n\n<p>Este templo es una de las principales joyas del g\u00f3tico. Su\nconstrucci\u00f3n se produjo durante el s. XIII sobre una termas romanas. Destaca por\nposeer una de las vidrieras m\u00e1s espectaculares y bellas del planeta, las cuales\ncontribuyen a situarla no solo como una de las catedrales m\u00e1s bonitas de Europa,\nsino tambi\u00e9n como una de las catedrales m\u00e1s bonitas de del mundo. <\/p>\n\n\n\n<figure class=\"wp-block-image\"><img loading=\"lazy\" decoding=\"async\" width=\"1000\" height=\"800\" src=\"https:\/\/estudiodaes.es\/wp-content\/uploads\/2019\/04\/Catredal-de-Leon-1000x800.jpg\" alt=\"Las mejores catedrales de Europa\" class=\"wp-image-5626\" title=\"\" srcset=\"https:\/\/estudiodaes.es\/wp-content\/uploads\/2019\/04\/Catredal-de-Leon.jpg 1000w, https:\/\/estudiodaes.es\/wp-content\/uploads\/2019\/04\/Catredal-de-Leon-500x400.jpg 500w, https:\/\/estudiodaes.es\/wp-content\/uploads\/2019\/04\/Catredal-de-Leon-768x614.jpg 768w, https:\/\/estudiodaes.es\/wp-content\/uploads\/2019\/04\/Catredal-de-Leon-600x480.jpg 600w\" sizes=\"auto, (max-width: 1000px) 100vw, 1000px\" \/><\/figure>\n\n\n\n<h3 class=\"wp-block-heading\"><strong>CATEDRAL DE SANTIAGO DE COMPOSTELA<\/strong><\/h3>\n\n\n\n<p>La majestuosa Catedral de <strong>Santiago de Compostela<\/strong>, es el edificio central de la hermosa plaza del Obradoiro. La catedral fue construida entre 1075 y 1211 para acoger el sepulcro del Ap\u00f3stol Santiago. Esta bonita catedral, Patrimonio de la Humanidad, mezcla los estilos rom\u00e1nico, barroco y g\u00f3tico.<\/p>\n\n\n\n<p>Fue declarada\u00a0<a href=\"https:\/\/es.wikipedia.org\/wiki\/Bien_de_Inter%C3%A9s_Cultural_(Espa%C3%B1a)\" target=\"_blank\" rel=\"noopener\">Bien de Inter\u00e9s Cultural<\/a> en 1896, y la ciudad de Santiago de Compostela, que se concentra en torno a la catedral, fue declarada bien cultural <a href=\"https:\/\/es.wikipedia.org\/wiki\/Patrimonio_de_la_Humanidad\" target=\"_blank\" rel=\"noopener\">Patrimonio de la Humanidad<\/a>\u00a0por la\u00a0<a href=\"https:\/\/es.wikipedia.org\/wiki\/Unesco\" target=\"_blank\" rel=\"noopener\">Unesco<\/a>\u00a0en\u00a0<a href=\"https:\/\/es.wikipedia.org\/wiki\/1985\" target=\"_blank\" rel=\"noopener\">1985<\/a>. <br><u>Una visita imprescindible  si eres amante del arte y de la historia.<\/u><\/p>\n\n\n\n<figure class=\"wp-block-image\"><img loading=\"lazy\" decoding=\"async\" width=\"1000\" height=\"800\" src=\"https:\/\/estudiodaes.es\/wp-content\/uploads\/2019\/04\/Catedral-Santiago-de-Compostela-1000x800.jpg\" alt=\"\" class=\"wp-image-5627\" title=\"\" srcset=\"https:\/\/estudiodaes.es\/wp-content\/uploads\/2019\/04\/Catedral-Santiago-de-Compostela.jpg 1000w, https:\/\/estudiodaes.es\/wp-content\/uploads\/2019\/04\/Catedral-Santiago-de-Compostela-500x400.jpg 500w, https:\/\/estudiodaes.es\/wp-content\/uploads\/2019\/04\/Catedral-Santiago-de-Compostela-768x614.jpg 768w, https:\/\/estudiodaes.es\/wp-content\/uploads\/2019\/04\/Catedral-Santiago-de-Compostela-600x480.jpg 600w\" sizes=\"auto, (max-width: 1000px) 100vw, 1000px\" \/><\/figure>\n\n\n\n<h3 class=\"wp-block-heading\"><strong>CATEDRAL DE SIENA <\/strong><\/h3>\n\n\n\n<p>Esta gran catedral Italiana de estilo g\u00f3tico, fue finalizada entre 1215 y 1263 por el arquitecto Giovanni Pisano. El exterior e interior del templo aparecen decorados con un placado de m\u00e1rmol blanco y verdoso, formando unas caracter\u00edsticas rayas o bandas horizontales. El blanco y negro son los colores simb\u00f3licos de Siena. <\/p>\n\n\n\n<figure class=\"wp-block-image\"><img loading=\"lazy\" decoding=\"async\" width=\"1000\" height=\"800\" src=\"https:\/\/estudiodaes.es\/wp-content\/uploads\/2019\/04\/Catedral-de-Siena-1000x800.jpg\" alt=\"\" class=\"wp-image-5628\" title=\"\" srcset=\"https:\/\/estudiodaes.es\/wp-content\/uploads\/2019\/04\/Catedral-de-Siena.jpg 1000w, https:\/\/estudiodaes.es\/wp-content\/uploads\/2019\/04\/Catedral-de-Siena-500x400.jpg 500w, https:\/\/estudiodaes.es\/wp-content\/uploads\/2019\/04\/Catedral-de-Siena-768x614.jpg 768w, https:\/\/estudiodaes.es\/wp-content\/uploads\/2019\/04\/Catedral-de-Siena-600x480.jpg 600w\" sizes=\"auto, (max-width: 1000px) 100vw, 1000px\" \/><\/figure>\n\n\n\n<h3 class=\"wp-block-heading\"><strong>CATEDRAL DE SANTA MARIA DE FIORE&nbsp;<\/strong><\/h3>\n\n\n\n<p>Ubicada en la ciudad de <strong>Florencia<\/strong>, es una de las obras arquitect\u00f3nicas m\u00e1s importantes de Europa adem\u00e1s de una de las catedrales m\u00e1s grandes y bellas del continente. Posee un espectacular exterior recubierto de m\u00e1rmol policromado. Su construcci\u00f3n se inici\u00f3 por orden de la Signoria en 1296, bajo la batuta del arquitecto Arnolfo di Cambio, y finaliz\u00f3 en 1368. Fue consagrada en 1436 por el Papa Eugenio IV. <\/p>\n\n\n\n<figure class=\"wp-block-image\"><img loading=\"lazy\" decoding=\"async\" width=\"1000\" height=\"800\" src=\"https:\/\/estudiodaes.es\/wp-content\/uploads\/2019\/04\/Catedral-Santa-Maria-de-Fiore-1000x800.jpg\" alt=\"\" class=\"wp-image-5629\" title=\"\" srcset=\"https:\/\/estudiodaes.es\/wp-content\/uploads\/2019\/04\/Catedral-Santa-Maria-de-Fiore.jpg 1000w, https:\/\/estudiodaes.es\/wp-content\/uploads\/2019\/04\/Catedral-Santa-Maria-de-Fiore-500x400.jpg 500w, https:\/\/estudiodaes.es\/wp-content\/uploads\/2019\/04\/Catedral-Santa-Maria-de-Fiore-768x614.jpg 768w, https:\/\/estudiodaes.es\/wp-content\/uploads\/2019\/04\/Catedral-Santa-Maria-de-Fiore-600x480.jpg 600w\" sizes=\"auto, (max-width: 1000px) 100vw, 1000px\" \/><\/figure>\n\n\n\n<h3 class=\"wp-block-heading\"><strong>CATEDRAL DE MILAN<\/strong><\/h3>\n\n\n\n<p>Esta considerada una de las catedrales m\u00e1s bonitas de\nEuropa.Con un estilo g\u00f3tico, desde su construcci\u00f3n se convirti\u00f3 en todo un\ns\u00edmbolo de la ciudad. Con 157 metros de largo y capacidad para albergar a&nbsp;40.000\npersonas, es tambi\u00e9n una de las mayores catedrales de Europa.&nbsp;En el interior\ndel templo pueden admirarse gran n\u00famero de altares, estatuas, pinturas y\nretablos, as\u00ed como un elevado n\u00famero de monumentos funerarios.<\/p>\n\n\n\n<figure class=\"wp-block-image\"><img loading=\"lazy\" decoding=\"async\" width=\"1000\" height=\"800\" src=\"https:\/\/estudiodaes.es\/wp-content\/uploads\/2019\/04\/Catedral-de-milan-1000x800.jpg\" alt=\"\" class=\"wp-image-5630\" title=\"\" srcset=\"https:\/\/estudiodaes.es\/wp-content\/uploads\/2019\/04\/Catedral-de-milan.jpg 1000w, https:\/\/estudiodaes.es\/wp-content\/uploads\/2019\/04\/Catedral-de-milan-500x400.jpg 500w, https:\/\/estudiodaes.es\/wp-content\/uploads\/2019\/04\/Catedral-de-milan-768x614.jpg 768w, https:\/\/estudiodaes.es\/wp-content\/uploads\/2019\/04\/Catedral-de-milan-600x480.jpg 600w\" sizes=\"auto, (max-width: 1000px) 100vw, 1000px\" \/><\/figure>\n\n\n\n<p>Posteriormente, la aparici\u00f3n de la Reforma protestante y otra serie de factores hicieron que las catedrales fueran moderando su tama\u00f1o y su magnificencia, aunque continuaron siendo edificios se\u00f1oriales e imponentes, adapt\u00e1ndose a los cambios de gusto y a los diferentes estilos art\u00edsticos. <\/p>\n\n\n\n<p>En muchas ciudades europeas podemos encontrar este tipo de construcciones. Vis\u00edtalas, merecer\u00e1 la pena. <\/p>","protected":false},"excerpt":{"rendered":"<p>Una catedral es un templo cristiano, donde tiene sede o c\u00e1tedra el obispo. Las catedrales surgieron como una nueva construcci\u00f3n, o como evoluci\u00f3n de una primigenia iglesia monalcal. A la gran mayor\u00eda de catedrales se las asimila con el estilo g\u00f3tico. &nbsp;A continuaci\u00f3n os mostramos las mejores catedrales de Europa, verdaderas obras de arte de [&#8230;]\n","protected":false},"author":1,"featured_media":5631,"comment_status":"closed","ping_status":"open","sticky":false,"template":"","format":"standard","meta":{"footnotes":""},"categories":[194],"tags":[],"class_list":["post-5622","post","type-post","status-publish","format-standard","has-post-thumbnail","hentry","category-arquitectura"],"_links":{"self":[{"href":"https:\/\/estudiodaes.es\/en\/wp-json\/wp\/v2\/posts\/5622","targetHints":{"allow":["GET"]}}],"collection":[{"href":"https:\/\/estudiodaes.es\/en\/wp-json\/wp\/v2\/posts"}],"about":[{"href":"https:\/\/estudiodaes.es\/en\/wp-json\/wp\/v2\/types\/post"}],"author":[{"embeddable":true,"href":"https:\/\/estudiodaes.es\/en\/wp-json\/wp\/v2\/users\/1"}],"replies":[{"embeddable":true,"href":"https:\/\/estudiodaes.es\/en\/wp-json\/wp\/v2\/comments?post=5622"}],"version-history":[{"count":8,"href":"https:\/\/estudiodaes.es\/en\/wp-json\/wp\/v2\/posts\/5622\/revisions"}],"predecessor-version":[{"id":5647,"href":"https:\/\/estudiodaes.es\/en\/wp-json\/wp\/v2\/posts\/5622\/revisions\/5647"}],"wp:featuredmedia":[{"embeddable":true,"href":"https:\/\/estudiodaes.es\/en\/wp-json\/wp\/v2\/media\/5631"}],"wp:attachment":[{"href":"https:\/\/estudiodaes.es\/en\/wp-json\/wp\/v2\/media?parent=5622"}],"wp:term":[{"taxonomy":"category","embeddable":true,"href":"https:\/\/estudiodaes.es\/en\/wp-json\/wp\/v2\/categories?post=5622"},{"taxonomy":"post_tag","embeddable":true,"href":"https:\/\/estudiodaes.es\/en\/wp-json\/wp\/v2\/tags?post=5622"}],"curies":[{"name":"wp","href":"https:\/\/api.w.org\/{rel}","templated":true}]}}