{"id":4046,"date":"2018-09-20T19:25:11","date_gmt":"2018-09-20T19:25:11","guid":{"rendered":"http:\/\/www.estudiodaes.es\/?p=4046"},"modified":"2019-05-08T14:46:04","modified_gmt":"2019-05-08T14:46:04","slug":"arquitectura-racionalista-valenciana","status":"publish","type":"post","link":"https:\/\/estudiodaes.es\/en\/arquitectura-racionalista-valenciana\/","title":{"rendered":"Arquitectura Racionalista Valenciana"},"content":{"rendered":"[vc_row][vc_column][vc_column_text]A finales de los a\u00f1os 20 y principios de los 30, Valencia experimento unas <strong>importantes transformaciones <\/strong>en su ciudad en todos los sentidos, pero sobre todo a nivel <strong>arquitect\u00f3nico<\/strong>.<\/p>\n<p>&nbsp;<\/p>\n<p>Se produjeron <strong>avances t\u00e9cnicos e industriales<\/strong>, nuevas formas de transporte gracias a nuevos medios de <strong>transporte y a la electrificaci\u00f3n de la ciudad<\/strong>. Entre los los a\u00f1os 1920 \u2013 1940, la ciudad aumento de <strong>200.000 a 450.000 habitantes<\/strong>. A principios de los a\u00f1os 30 Valencia aposto por modernizar aun mas la ciudad y eso se ve reflejado en muchos de los edificios que hay repartidos en la ciudad. Nace la <strong>arquitectura racionalista<\/strong>, que se implanta e instala r\u00e1pidamente en la ciudad.<\/p>\n<p>&nbsp;<\/p>\n<p>Mientras en Europa se experimentaba, se teorizaba y se desarrollaban nuevas soluciones, <strong>en Espa\u00f1a nos limit\u00e1bamos a copiar lo que ve\u00edamos<\/strong> en fotograf\u00edas tra\u00eddas de pa\u00edses como Inglaterra y Alemania. Esas fotograf\u00edas estaban formadas por edificios vistos en blanco y negro.[\/vc_column_text][vc_single_image image=\u00bb4047&#8243; img_size=\u00bblarge\u00bb][\/vc_column][\/vc_row][vc_row][vc_column][vc_text_titles title=\u00bbArquitectos Racionalistas\u00bb][vc_column_text]Muchos nombres salieron en aquella \u00e9poca, la mayor\u00eda arquitectos jovenc\u00edsimos en el \u00e1mbito nacional espa\u00f1ol como <strong>Sert, Garc\u00eda Mercadal, Le Corbusier, Gutierrez Soto<\/strong>.<\/p>\n<p>&nbsp;<\/p>\n<p>Si hablamos de los arquitectos Valencianos que revolucionaron la ciudad, salen nombres como <strong>Luis Albert, Ricardo Roso o Enrique Pecourt<\/strong>, quienes desarrollaron una arquitectura muy atrevida e innovadora. Otros arquitectos de la \u00e9poca no tan conocidos como <strong>Cayetano Borso di Carminati, Miguel Mart\u00ednez, Jos\u00e9 Luis T\u00e9sor o Vicente Valls<\/strong> tambi\u00e9n forman parte de la arquitectura racionalista de Valencia.[\/vc_column_text][vc_single_image image=\u00bb4048&#8243; img_size=\u00bblarge\u00bb][\/vc_column][\/vc_row][vc_row][vc_column][vc_text_titles title=\u00bbCaracter\u00edsticas de los edificios Racionalistas\u00bb][vc_column_text]En un primer momento los edificios fueron construidos y decorados con <strong>pilastras, capiteles y frontones<\/strong>; pasando a\u00f1os despu\u00e9s al ordenamiento en la construcci\u00f3n, dejando las <strong>fachadas mas lisas y sin obst\u00e1culos<\/strong>.<\/p>\n<p>&nbsp;<\/p>\n<p>En el ensanche entre Gran Via Marqu\u00e9s del Turia y la Avenida Peris y Valero se construyen gran cantidad de nuevos edificios. A modo de ejemplo, entre 1931 y 1936 se concedieron <strong>1700 licencias de construcci\u00f3n<\/strong>. Estos edificios tienen en com\u00fan la <strong>ordenaci\u00f3n de huecos, la escasa ornamentaci\u00f3n, vol\u00famenes puros, barandillas.<\/strong>[\/vc_column_text][vc_single_image image=\u00bb4049&#8243; img_size=\u00bblarge\u00bb][vc_column_text]Esta \u00e9poca tambi\u00e9n se compagino con la construcci\u00f3n de edificios modernistas como el Mercado de Col\u00f3n. Sea el estilo que elijas, lo importante es que sea de tu agrado.[\/vc_column_text][\/vc_column][\/vc_row][vc_row][vc_column][\/vc_column][\/vc_row]\n","protected":false},"excerpt":{"rendered":"[vc_row][vc_column][vc_column_text]A finales de los a\u00f1os 20 y principios de los 30, Valencia experimento unas importantes transformaciones en su ciudad en todos los sentidos, pero sobre todo a nivel arquitect\u00f3nico. &nbsp; Se produjeron avances t\u00e9cnicos e industriales, nuevas formas de transporte gracias a nuevos medios de transporte y a la electrificaci\u00f3n de la ciudad. Entre los [&#8230;]\n","protected":false},"author":1,"featured_media":5037,"comment_status":"closed","ping_status":"closed","sticky":false,"template":"","format":"standard","meta":{"footnotes":""},"categories":[194],"tags":[],"class_list":["post-4046","post","type-post","status-publish","format-standard","has-post-thumbnail","hentry","category-arquitectura"],"_links":{"self":[{"href":"https:\/\/estudiodaes.es\/en\/wp-json\/wp\/v2\/posts\/4046","targetHints":{"allow":["GET"]}}],"collection":[{"href":"https:\/\/estudiodaes.es\/en\/wp-json\/wp\/v2\/posts"}],"about":[{"href":"https:\/\/estudiodaes.es\/en\/wp-json\/wp\/v2\/types\/post"}],"author":[{"embeddable":true,"href":"https:\/\/estudiodaes.es\/en\/wp-json\/wp\/v2\/users\/1"}],"replies":[{"embeddable":true,"href":"https:\/\/estudiodaes.es\/en\/wp-json\/wp\/v2\/comments?post=4046"}],"version-history":[{"count":1,"href":"https:\/\/estudiodaes.es\/en\/wp-json\/wp\/v2\/posts\/4046\/revisions"}],"predecessor-version":[{"id":5038,"href":"https:\/\/estudiodaes.es\/en\/wp-json\/wp\/v2\/posts\/4046\/revisions\/5038"}],"wp:featuredmedia":[{"embeddable":true,"href":"https:\/\/estudiodaes.es\/en\/wp-json\/wp\/v2\/media\/5037"}],"wp:attachment":[{"href":"https:\/\/estudiodaes.es\/en\/wp-json\/wp\/v2\/media?parent=4046"}],"wp:term":[{"taxonomy":"category","embeddable":true,"href":"https:\/\/estudiodaes.es\/en\/wp-json\/wp\/v2\/categories?post=4046"},{"taxonomy":"post_tag","embeddable":true,"href":"https:\/\/estudiodaes.es\/en\/wp-json\/wp\/v2\/tags?post=4046"}],"curies":[{"name":"wp","href":"https:\/\/api.w.org\/{rel}","templated":true}]}}