{"id":4008,"date":"2018-08-31T18:04:03","date_gmt":"2018-08-31T18:04:03","guid":{"rendered":"http:\/\/www.estudiodaes.es\/?p=4008"},"modified":"2019-05-08T14:47:01","modified_gmt":"2019-05-08T14:47:01","slug":"la-bienal-de-arquitectura-de-venecia-este-ano","status":"publish","type":"post","link":"https:\/\/estudiodaes.es\/en\/la-bienal-de-arquitectura-de-venecia-este-ano\/","title":{"rendered":"Lo que no tienes que perderte en la Bienal de Arquitectura de Venecia este a\u00f1o"},"content":{"rendered":"[vc_row][vc_column][vc_column_text]Si vas por Venecia hasta el 25 de noviembre se celebra la <a href=\"https:\/\/universes.art\/es\/bienal-venecia\/2018-architecture\/\" target=\"_blank\" rel=\"noopener\">XVIII Bienal de Arquitectura <\/a>. El lema de este a\u00f1o es Freespace,\u00a0 \u00a0\u00abespacio libre\u00bb.\u00a0Este tema fue elegido por los curadores de la Bienal este a\u00f1o, cofundador de la agencia de arquitectura irlandesa Grafton Architects, Yvonne Farrell y Shelley McNamara.\u00a0Continuando con el estudio del problema de la relaci\u00f3n entre la arquitectura y la sociedad, planteado por Alejandro Aravena hace dos a\u00f1os, los participantes de la Bienal de este a\u00f1o encuentran nuevas formas de interactuar y coexistir con la arquitectura, la sociedad y el espacio libre.<\/p>\n<div class=\"stk-grid\" data-ce-tag=\"grid\">\n<div class=\"stk-grid-col stk-grid-col_empty\" data-ce-tag=\"grid-col\" data-col-width=\"2\">\n<p class=\"stk-reset stk-element_no-text\">La exposici\u00f3n de Freespace se encuentra tradicionalmente en el pabell\u00f3n central de Giardini y contin\u00faa en Arsenale.\u00a0La exposici\u00f3n incluye 71 proyectos de todo el mundo.\u00a0Alrededor del pabell\u00f3n central hay pabellones separados de los pa\u00edses participantes, donde todo es interesante.<\/p>\n<\/div>\n<\/div>\n<div class=\"stk-grid\" data-ce-tag=\"grid\">\n<div class=\"stk-grid-col stk-grid-col_empty\" data-ce-tag=\"grid-col\" data-col-width=\"2\">\n<p class=\"stk-reset stk-element_no-text\">\n<\/div>\n<\/div>\n<div class=\"stk-grid\" data-ce-tag=\"grid\">\n<div class=\"stk-grid-col stk-grid-col_last\" data-ce-tag=\"grid-col\" data-col-width=\"10\">\n<p class=\"stk-reset align-justify\">En la isla de San Giorgio Maggiore frente a Giardini, la Bienal ha construido especialmente 10 capillas creadas por eminentes arquitectos para el Pabell\u00f3n del Vaticano, que este a\u00f1o participa por primera vez en la bienal de arquitectura.\u00a0Adem\u00e1s del Vaticano, otros seis pa\u00edses se han convertido en \u00abreci\u00e9n llegados\u00bb este a\u00f1o: Mongolia, Pakist\u00e1n, L\u00edbano, Guatemala, Arabia Saudita, Antigua y Barbuda.<\/p>\n<\/div>\n<div class=\"stk-grid-col stk-grid-col_empty\" data-ce-tag=\"grid-col\" data-col-width=\"2\">\n<p class=\"stk-reset stk-element_no-text\">Elegimos los pabellones m\u00e1s interesantes de diferentes pa\u00edses, as\u00ed como los eventos del programa paralelo que tienen lugar en toda Venecia en el marco de la Bienal.<\/p>\n<\/div>\n<\/div>\n[\/vc_column_text][\/vc_column][\/vc_row][vc_row][vc_column][vc_column_text]\n<div class=\"stk-grid\" data-ce-tag=\"grid\">\n<div class=\"stk-grid-col stk-grid-col_last\" data-ce-tag=\"grid-col\" data-col-width=\"12\">\n<h3 class=\"stk-reset stk-theme_5581__style_medium_header align-center\">Los pabellones m\u00e1s interesantes<\/h3>\n<\/div>\n<\/div>\n<div class=\"stk-grid\" data-ce-tag=\"grid\">\n<div class=\"stk-grid-col stk-grid-col_last\" data-ce-tag=\"grid-col\" data-col-width=\"12\">\n<h4 class=\"stk-reset stk-theme_5581__style_small_header align-center\">Suiza<\/h4>\n<\/div>\n<\/div>\n<div class=\"stk-grid\" data-ce-tag=\"grid\">\n<div class=\"stk-grid-col stk-grid-col_empty\" data-ce-tag=\"grid-col\" data-col-width=\"2\">\n<p class=\"stk-reset stk-element_no-text\">\n<\/div>\n<div class=\"stk-grid-col stk-grid-col_last\" data-ce-tag=\"grid-col\" data-col-width=\"8\">\n<p class=\"stk-reset align-justify\">El pabell\u00f3n suizo recibi\u00f3 este a\u00f1o el \u00abLe\u00f3n de Oro\u00bb, el principal galard\u00f3n de la Bienal, as\u00ed que antes que nada debes venir aqu\u00ed.\u00a0Seg\u00fan los arquitectos, un problema serio de la arquitectura suiza es que las personas a menudo alquilan una casa, pero no la compran.\u00a0En un apartamento alquilado, como sabes, no siempre es posible establecer tus propios gustos, y por lo que a menudo las personas viven en casas y apartamentos absolutamente id\u00e9nticos y estandarizados, sin llamar la atenci\u00f3n.\u00a0Para mostrarnos c\u00f3mo se ven los apartamentos t\u00edpicos, los arquitectos los sacaron de los muebles y pintaron las paredes en un color blanco neutro.\u00a0Sin embargo, al pasar de una habitaci\u00f3n a otra, el tama\u00f1o de las puertas, las ventanas, la altura de los techos y los alf\u00e9izares de las ventanas cambian, y parece que est\u00e1s rodeado de paisajes del cuento de hadas \u00abAlicia en el pa\u00eds de las maravillas\u00bb.<\/p>\n<figure id=\"attachment_4015\" aria-describedby=\"caption-attachment-4015\" style=\"width: 959px\" class=\"wp-caption aligncenter\"><img loading=\"lazy\" decoding=\"async\" class=\"wp-image-4015 size-full\" src=\"http:\/\/www.estudiodaes.es\/wp-content\/uploads\/2018\/08\/suiza-bienal-arquitectura.jpg\" alt=\"\" width=\"959\" height=\"640\" title=\"\"><figcaption id=\"caption-attachment-4015\" class=\"wp-caption-text\">x-default<\/figcaption><\/figure>\n<p class=\"stk-reset align-justify\">\n<\/div>\n<div class=\"stk-grid-col stk-grid-col_empty\" data-ce-tag=\"grid-col\" data-col-width=\"2\">\n<p class=\"stk-reset stk-element_no-text\">\u00a0<span id=\"ctrlcopy\"><br \/>\n<\/span><\/p>\n<\/div>\n<\/div>\n[\/vc_column_text][\/vc_column][\/vc_row][vc_row][vc_column][vc_column_text]\n<div class=\"stk-grid\" data-ce-tag=\"grid\">\n<div class=\"stk-grid-col stk-grid-col_last\" data-ce-tag=\"grid-col\" data-col-width=\"12\">\n<h4 class=\"stk-reset stk-theme_5581__style_small_header align-center\">Ciudad del Vaticano<\/h4>\n<\/div>\n<\/div>\n<div class=\"stk-grid\" data-ce-tag=\"grid\">\n<div class=\"stk-grid-col stk-grid-col_empty\" data-ce-tag=\"grid-col\" data-col-width=\"2\">\n<p class=\"stk-reset stk-element_no-text\">\n<\/div>\n<div class=\"stk-grid-col stk-grid-col_last\" data-ce-tag=\"grid-col\" data-col-width=\"8\">\n<p class=\"stk-reset align-justify\">Este a\u00f1o, el Vaticano participa en la Bienal por primera vez.\u00a0Para recordar este acontecimiento importante para el pa\u00eds, el Vaticano ha invitado al legendario Norman Foster, Eduardo Souto de Moura, Smiljan Radic y otros famosos arquitectos para construir 10 capillas en la isla de San Giorgio Maggiore.\u00a0Cada uno de ellos es \u00fanico, y cada uno te hace pensar en el papel de las capillas, iglesias y catedrales en el mundo moderno.\u00a0\u00bfEs verdad que incluso hoy en d\u00eda los edificios religiosos est\u00e1n tan estrechamente conectados con la religi\u00f3n misma?<\/p>\n<\/div>\n<div class=\"stk-grid-col stk-grid-col_empty\" data-ce-tag=\"grid-col\" data-col-width=\"2\">\n<p class=\"stk-reset stk-element_no-text\"><img loading=\"lazy\" decoding=\"async\" class=\"aligncenter wp-image-4016 size-full\" src=\"http:\/\/www.estudiodaes.es\/wp-content\/uploads\/2018\/08\/vaticano-bienal-arquitectura.jpg\" alt=\"\" width=\"960\" height=\"640\" title=\"\"><\/p>\n<\/div>\n<\/div>\n<p>.[\/vc_column_text][\/vc_column][\/vc_row][vc_row][vc_column][vc_column_text]\n<div class=\"stk-grid\" data-ce-tag=\"grid\">\n<div class=\"stk-grid-col stk-grid-col_last\" data-ce-tag=\"grid-col\" data-col-width=\"12\">\n<h4 class=\"stk-reset stk-theme_5581__style_small_header align-center\">Federaci\u00f3n Rusa<\/h4>\n<\/div>\n<\/div>\n<div class=\"stk-grid\" data-ce-tag=\"grid\">\n<div class=\"stk-grid-col stk-grid-col_empty\" data-ce-tag=\"grid-col\" data-col-width=\"2\">\n<p class=\"stk-reset stk-element_no-text\">\n<\/div>\n<div class=\"stk-grid-col stk-grid-col_last\" data-ce-tag=\"grid-col\" data-col-width=\"8\">\n<p class=\"stk-reset align-justify\">En opini\u00f3n de nuestros arquitectos, el espacio libre es la gran extensi\u00f3n de la propia Rusia, que se puede superar con la ayuda de los ferrocarriles.\u00a0Por lo tanto, el pabell\u00f3n construido por el autor de la estaci\u00f3n de tren de Kaz\u00e1n, y muchos otros edificios en Mosc\u00fa Alexei Shchusev, se convirten en una sala de espera de la estaci\u00f3n de tren, dep\u00f3sito y todos los atributos que dependen de la estaci\u00f3n.\u00a0Archivo de almacenamiento de materiales \u00abcon la historia\u00bb tra\u00edda desde la estaci\u00f3n de tren de Mosc\u00fa en San Petersburgo, y los proyectos de j\u00f3venes arquitectos para el desarrollo de un \u00e1rea de tres estaciones \u2026todo lo quieres saber sobre la historia y el futuro de los ferrocarriles lo encontraras aqu\u00ed.<br \/>\n<img loading=\"lazy\" decoding=\"async\" class=\"aligncenter wp-image-4014 size-full\" src=\"http:\/\/www.estudiodaes.es\/wp-content\/uploads\/2018\/08\/rusia-bienal-arquitectura.jpg\" alt=\"\" width=\"960\" height=\"640\" title=\"\"><span id=\"ctrlcopy\"><br \/>\n<\/span><\/p>\n<\/div>\n<\/div>\n[\/vc_column_text][\/vc_column][\/vc_row][vc_row][vc_column][vc_column_text]\n<h4 class=\"stk-reset stk-theme_5581__style_small_header align-center\">Australia<\/h4>\n<div class=\"stk-grid\" data-ce-tag=\"grid\">\n<div class=\"stk-grid-col stk-grid-col_empty\" data-ce-tag=\"grid-col\" data-col-width=\"2\">\n<p class=\"stk-reset stk-element_no-text\">\n<\/div>\n<div class=\"stk-grid-col stk-grid-col_last\" data-ce-tag=\"grid-col\" data-col-width=\"8\">\n<p class=\"stk-reset align-justify\">Los arquitectos australianos, como siempre, se acercan al tema de la naturaleza, y especialmente a la actitud de los arquitectos modernos.\u00a0Bureau Baracco + Wright, junto con la artista Linda Tegg han recolectado 10,000 especies de plantas en peligro y metido dentro del pabell\u00f3n.\u00a0En esta declaraci\u00f3n recurrieron a arquitectos que a menudo se olvidan del paisaje y el medio ambiente en busca de fama, \u00e9xito y dinero.\u00a0El nombre del proyecto \u00abReparaci\u00f3n\u00bb en este caso habla por s\u00ed mismo.<br \/>\n<img loading=\"lazy\" decoding=\"async\" class=\"aligncenter wp-image-4010 size-full\" src=\"http:\/\/www.estudiodaes.es\/wp-content\/uploads\/2018\/08\/australia-bienal-arquitectura.jpg\" alt=\"\" width=\"936\" height=\"640\" title=\"\"><br \/>\n<span id=\"ctrlcopy\"><br \/>\n<\/span><\/p>\n<\/div>\n<\/div>\n[\/vc_column_text][\/vc_column][\/vc_row][vc_row][vc_column][vc_column_text]\n<h4 class=\"stk-reset stk-theme_5581__style_small_header align-center\">China<\/h4>\n<div class=\"stk-grid\" data-ce-tag=\"grid\">\n<div class=\"stk-grid-col stk-grid-col_empty\" data-ce-tag=\"grid-col\" data-col-width=\"2\">\n<p class=\"stk-reset stk-element_no-text\">\n<\/div>\n<div class=\"stk-grid-col stk-grid-col_last\" data-ce-tag=\"grid-col\" data-col-width=\"8\">\n<p class=\"stk-reset align-justify\">En el pabell\u00f3n chino, se explora un futuro donde la urbanizaci\u00f3n no existe, pero las aldeas y pueblos, por el contrario, se desarrollan activamente, y las tecnolog\u00edas modernas contribuyen a ello.\u00a0C\u00f3mo construir edificios sostenibles, reciclar materiales y usar la energ\u00eda de manera eficiente es todo aqu\u00ed.\u00a0Y la torre, construida a partir de partes de casas rurales destruidas en China\u2026<br \/>\n<img loading=\"lazy\" decoding=\"async\" class=\"aligncenter wp-image-4011 size-full\" src=\"http:\/\/www.estudiodaes.es\/wp-content\/uploads\/2018\/08\/china-bienal-arquitectura.jpg\" alt=\"\" width=\"960\" height=\"640\" title=\"\"><span id=\"ctrlcopy\"><br \/>\n<\/span><\/p>\n<\/div>\n<\/div>\n[\/vc_column_text][\/vc_column][\/vc_row][vc_row][vc_column][vc_column_text]\n<h4 class=\"stk-reset stk-theme_5581__style_small_header align-center\">Pa\u00edses n\u00f3rdicos (Finlandia, Suecia, Noruega)<\/h4>\n<div class=\"stk-grid\" data-ce-tag=\"grid\">\n<div class=\"stk-grid-col stk-grid-col_empty\" data-ce-tag=\"grid-col\" data-col-width=\"2\">\n<p class=\"stk-reset stk-element_no-text\">\n<\/div>\n<div class=\"stk-grid-col stk-grid-col_last\" data-ce-tag=\"grid-col\" data-col-width=\"8\">\n<p class=\"stk-reset align-justify\">En el pabell\u00f3n de los pa\u00edses del norte, se instalaron cuatro enormes burbujas, llenas de aire y agua.\u00a0Se inflan y desinflan dependiendo del clima, del mismo modo que las personas se adaptan a la arquitectura y la arquitectura al medio ambiente.\u00a0A trav\u00e9s del pabell\u00f3n crece el pl\u00e1tano, lo que demuestra una vez m\u00e1s que el problema de la coexistencia armoniosa de la naturaleza y la arquitectura siempre ser\u00e1 real.<br \/>\n<img loading=\"lazy\" decoding=\"async\" class=\"aligncenter wp-image-4013 size-full\" src=\"http:\/\/www.estudiodaes.es\/wp-content\/uploads\/2018\/08\/paises-nordicos-bienal-arquitectura.jpg\" alt=\"\" width=\"960\" height=\"640\" title=\"\"><\/p>\n<\/div>\n<div class=\"stk-grid-col stk-grid-col_empty\" data-ce-tag=\"grid-col\" data-col-width=\"2\">\n<p class=\"stk-reset stk-element_no-text\">\u00a0<span id=\"ctrlcopy\"><\/span><\/p>\n<p>&nbsp;<\/p>\n<\/div>\n<\/div>\n[\/vc_column_text][\/vc_column][\/vc_row][vc_row][vc_column][vc_column_text]\n<h4 class=\"stk-reset stk-theme_5581__style_small_header align-center\">Argentina<\/h4>\n<div class=\"stk-grid\" data-ce-tag=\"grid\">\n<div class=\"stk-grid-col stk-grid-col_empty\" data-ce-tag=\"grid-col\" data-col-width=\"2\">\n<p class=\"stk-reset stk-element_no-text\">\n<\/div>\n<div class=\"stk-grid-col stk-grid-col_last\" data-ce-tag=\"grid-col\" data-col-width=\"8\">\n<p class=\"stk-reset align-justify\">El pabell\u00f3n argentino es el momento de la bienal arquitect\u00f3nica se convirti\u00f3 en un jard\u00edn horizontal largo.\u00a0Por un lado &#8211; greens interminables, y por el otro &#8211; bocetos de arquitectos argentinos modernos.\u00a0Todos los proyectos datan de 1983, cuando la dictadura cay\u00f3 en el pa\u00eds y comenzaron a aparecer espacios realmente \u00ablibres\u00bb: parques y \u00e1reas p\u00fablicas de recreaci\u00f3n.<span id=\"ctrlcopy\"><\/span><\/p>\n<p>&nbsp;<\/p>\n<p><img loading=\"lazy\" decoding=\"async\" class=\"aligncenter wp-image-4009 size-full\" src=\"http:\/\/www.estudiodaes.es\/wp-content\/uploads\/2018\/08\/argentina-bienal-arquitectura.jpg\" alt=\"\" width=\"960\" height=\"638\" title=\"\"><\/p>\n<\/div>\n<\/div>\n[\/vc_column_text][\/vc_column][\/vc_row][vc_row][vc_column][vc_column_text]\n<div class=\"stk-grid\" data-ce-tag=\"grid\">\n<div class=\"stk-grid-col stk-grid-col_last\" data-ce-tag=\"grid-col\" data-col-width=\"12\">\n<h3 class=\"stk-reset stk-theme_5581__style_medium_header align-center\">Programa paralelo<\/h3>\n<\/div>\n<\/div>\n<h4 class=\"stk-reset stk-theme_5581__style_small_header align-center\">Proyecto \u00abGreenhouse Garden Reflect, Project, Connect\u00bb<\/h4>\n<div class=\"stk-grid\" data-ce-tag=\"grid\">\n<div class=\"stk-grid-col stk-grid-col_empty\" data-ce-tag=\"grid-col\" data-col-width=\"2\">\n<p class=\"stk-reset stk-element_no-text\">La preservaci\u00f3n del medio ambiente en el per\u00edodo de urbanizaci\u00f3n activa es un asunto que surge del tema de la Bienal de este a\u00f1o, \u00abEspacio libre\u00bb.\u00a0Los arquitectos de In Praise of Shadows han construido un pabell\u00f3n de madera especial donde se realiza una exposici\u00f3n permanente sobre el papel de la madera en la arquitectura del pasado, presente y, especialmente, del futuro.\u00a0Talleres, clases magistrales y conferencias sobre arquitectura tambi\u00e9n se organizan aqu\u00ed.<\/p>\n<\/div>\n<div class=\"stk-grid-col stk-grid-col_last\" data-ce-tag=\"grid-col\" data-col-width=\"8\">\n<p class=\"stk-reset align-justify\"><span id=\"ctrlcopy\"><img loading=\"lazy\" decoding=\"async\" class=\"aligncenter wp-image-4018 size-full\" src=\"http:\/\/www.estudiodaes.es\/wp-content\/uploads\/2018\/08\/1531386896.jpg\" alt=\"\" width=\"960\" height=\"640\" title=\"\"><\/span><\/p>\n<div class=\"stk-grid\" data-ce-tag=\"grid\">\n<div class=\"stk-grid-col stk-grid-col_last\" data-ce-tag=\"grid-col\" data-col-width=\"8\">\n<p>&nbsp;<\/p>\n<\/div>\n<div class=\"stk-grid-col stk-grid-col_empty\" data-ce-tag=\"grid-col\" data-col-width=\"2\">\n<p class=\"stk-reset stk-element_no-text\">\u00a0<span id=\"ctrlcopy\"><\/span><\/p>\n<p>&nbsp;<\/p>\n<\/div>\n<\/div>\n<\/div>\n<\/div>\n[\/vc_column_text][\/vc_column][\/vc_row][vc_row][vc_column][vc_column_text]\n<h4 class=\"stk-reset stk-theme_5581__style_small_header align-center\">Exposici\u00f3n \u00abEn todas las ciudades chinas: la comunidad\u00bb<\/h4>\n<div class=\"stk-grid stk-theme_5581__mb_3\" data-ce-tag=\"grid\">\n<div class=\"stk-grid-col stk-grid-col_empty\" data-ce-tag=\"grid-col\" data-col-width=\"2\">\n<p class=\"stk-reset stk-element_no-text\">\n<\/div>\n<div class=\"stk-grid-col stk-grid-col_last\" data-ce-tag=\"grid-col\" data-col-width=\"8\">\n<p class=\"stk-reset align-justify\">La exposici\u00f3n de arquitectos chinos \u00abAcross Chinese Cities &#8211; The Community\u00bb est\u00e1 dedicada a las comunidades que hoy act\u00faan como mecanismos para el desarrollo de las megaciudades.\u00a0Al salir de Internet en la vida real, los grupos combinados de personas motivan a otros y se convierten en un verdadero \u00abmotor\u00bb de los cambios en la cultura, la vida p\u00fablica e incluso la arquitectura.\u00a0Los casos m\u00e1s interesantes de iniciativas comunitarias se mostrar\u00e1n en la exposici\u00f3n.<\/p>\n<\/div>\n<div class=\"stk-grid-col stk-grid-col_empty\" data-ce-tag=\"grid-col\" data-col-width=\"2\">\n<p class=\"stk-reset stk-element_no-text\">\n<\/div>\n<\/div>\n<h4 class=\"stk-reset stk-theme_5581__style_small_header align-center\">Exposici\u00f3n \u00abRCR.\u00a0Dream y Nature_Catalonia en Venecia \u00bb<\/h4>\n<div class=\"stk-grid\" data-ce-tag=\"grid\">\n<div class=\"stk-grid-col stk-grid-col_empty\" data-ce-tag=\"grid-col\" data-col-width=\"2\">\n<p class=\"stk-reset stk-element_no-text\">\n<\/div>\n<div class=\"stk-grid-col stk-grid-col_last\" data-ce-tag=\"grid-col\" data-col-width=\"8\">\n<p class=\"stk-reset align-justify\">Los titulares de uno de los m\u00e1s prestigiosos de la arquitectura Pritzker, los arquitectos espa\u00f1oles RCR Mesa presentar\u00e1 la vista perfecta del mundo, el sue\u00f1o de exposiciones y la naturaleza en Venecia.\u00a0Este proyecto no es s\u00f3lo acerca de la arquitectura, sino tambi\u00e9n en el arte contempor\u00e1neo, el urbanismo y la arquitectura org\u00e1nica ut\u00f3pico encaja perfectamente en la ciudad moderna.\u00a0Suena todo esto, tal vez sea demasiado, pero la Oficina catal\u00e1n como un edificio, y reflexiona sobre el futuro: con sentimientos de ternura, la seriedad y el ensue\u00f1o encantador.<br \/>\n<img loading=\"lazy\" decoding=\"async\" class=\"aligncenter wp-image-4017 size-full\" src=\"http:\/\/www.estudiodaes.es\/wp-content\/uploads\/2018\/08\/1531386667.jpg\" alt=\"\" width=\"960\" height=\"640\" title=\"\"><\/p>\n<\/div>\n<\/div>\n[\/vc_column_text][\/vc_column][\/vc_row][vc_row][vc_column][vc_column_text]\n<h4 class=\"stk-reset stk-theme_5581__style_small_header align-center\">Exposici\u00f3n \u00abBorghi de Italia &#8211; NO (F) TERREMOTO\u00bb<\/h4>\n<div class=\"stk-grid stk-theme_5581__mb_3\" data-ce-tag=\"grid\">\n<div class=\"stk-grid-col stk-grid-col_empty\" data-ce-tag=\"grid-col\" data-col-width=\"2\">\n<p class=\"stk-reset stk-element_no-text\">\n<\/div>\n<div class=\"stk-grid-col stk-grid-col_last\" data-ce-tag=\"grid-col\" data-col-width=\"8\">\n<p class=\"stk-reset align-justify\">Uno de los problemas serios ideales en t\u00e9rminos de la naturaleza de Italia son los terremotos.\u00a0Ocurren en el pa\u00eds con bastante frecuencia y causan muchos inconvenientes a los propios italianos, acostumbrados a una vida tranquila y mesurada.\u00a0Los j\u00f3venes arquitectos italianos decidieron hablar sobre este problema y presentaron una variedad de proyectos arquitect\u00f3nicos que podr\u00edan ayudar a los habitantes de Italia a experimentar los terremotos con menos p\u00e9rdidas.<\/p>\n<\/div>\n<div class=\"stk-grid-col stk-grid-col_empty\" data-ce-tag=\"grid-col\" data-col-width=\"2\">\n<p class=\"stk-reset stk-element_no-text\">\n<\/div>\n<\/div>\n<h4 class=\"stk-reset stk-theme_5581__style_small_header align-center\">Exposici\u00f3n \u00ab1948: Bienal de Peggy\u00bb<\/h4>\n<div class=\"stk-grid\" data-ce-tag=\"grid\">\n<div class=\"stk-grid-col stk-grid-col_empty\" data-ce-tag=\"grid-col\" data-col-width=\"2\">\n<p class=\"stk-reset stk-element_no-text\">\n<\/div>\n<div class=\"stk-grid-col stk-grid-col_last\" data-ce-tag=\"grid-col\" data-col-width=\"8\">\n<p class=\"stk-reset align-justify\">En honor a la Bienal en la Colecci\u00f3n Palazzo, Peggy Guggenheim tambi\u00e9n prepar\u00f3 un programa especial.\u00a0Aqu\u00ed contar y mostrar sobre la primera Bienal de post-guerra de 1948, en la que el entonces joven kollektsionerka Peggy presenta 136 obras de los modernistas europeos y americanos.\u00a0Despu\u00e9s de un \u00e9xito alucinante Peggy decidi\u00f3 instalarse en Venecia, en un palacio hist\u00f3rico con una vista espectacular del Gran Canal, y m\u00e1s tarde abri\u00f3 un museo aqu\u00ed.\u00a0Ver Peggy Guggenheim Collection durante la Bienal &#8211; que es una gran excusa para distraer la atenci\u00f3n de la arquitectura con el arte contempor\u00e1neo, para sumergirse en la atm\u00f3sfera de 70 a\u00f1os atr\u00e1s Bienal y, por \u00faltimo, simplemente relajarse en el hermoso y tranquilo jard\u00edn de la Peggy Guggenheim.<\/p>\n<\/div>\n<div class=\"stk-grid-col stk-grid-col_empty\" data-ce-tag=\"grid-col\" data-col-width=\"2\">\n<p class=\"stk-reset stk-element_no-text\">\u00a0<span id=\"ctrlcopy\"><br \/>\n<img loading=\"lazy\" decoding=\"async\" class=\"aligncenter wp-image-4019 size-full\" src=\"http:\/\/www.estudiodaes.es\/wp-content\/uploads\/2018\/08\/1531390888.jpg\" alt=\"\" width=\"960\" height=\"640\" title=\"\"><br \/>\n<\/span><\/p>\n<\/div>\n<\/div>\n[\/vc_column_text][\/vc_column][\/vc_row]\n","protected":false},"excerpt":{"rendered":"[vc_row][vc_column][vc_column_text]Si vas por Venecia hasta el 25 de noviembre se celebra la XVIII Bienal de Arquitectura . El lema de este a\u00f1o es Freespace,\u00a0 \u00a0\u00abespacio libre\u00bb.\u00a0Este tema fue elegido por los curadores de la Bienal este a\u00f1o, cofundador de la agencia de arquitectura irlandesa Grafton Architects, Yvonne Farrell y Shelley McNamara.\u00a0Continuando con el estudio del [&#8230;]\n","protected":false},"author":1,"featured_media":2244,"comment_status":"closed","ping_status":"closed","sticky":false,"template":"","format":"standard","meta":{"footnotes":""},"categories":[194],"tags":[],"class_list":["post-4008","post","type-post","status-publish","format-standard","has-post-thumbnail","hentry","category-arquitectura"],"_links":{"self":[{"href":"https:\/\/estudiodaes.es\/en\/wp-json\/wp\/v2\/posts\/4008","targetHints":{"allow":["GET"]}}],"collection":[{"href":"https:\/\/estudiodaes.es\/en\/wp-json\/wp\/v2\/posts"}],"about":[{"href":"https:\/\/estudiodaes.es\/en\/wp-json\/wp\/v2\/types\/post"}],"author":[{"embeddable":true,"href":"https:\/\/estudiodaes.es\/en\/wp-json\/wp\/v2\/users\/1"}],"replies":[{"embeddable":true,"href":"https:\/\/estudiodaes.es\/en\/wp-json\/wp\/v2\/comments?post=4008"}],"version-history":[{"count":1,"href":"https:\/\/estudiodaes.es\/en\/wp-json\/wp\/v2\/posts\/4008\/revisions"}],"predecessor-version":[{"id":5041,"href":"https:\/\/estudiodaes.es\/en\/wp-json\/wp\/v2\/posts\/4008\/revisions\/5041"}],"wp:featuredmedia":[{"embeddable":true,"href":"https:\/\/estudiodaes.es\/en\/wp-json\/wp\/v2\/media\/2244"}],"wp:attachment":[{"href":"https:\/\/estudiodaes.es\/en\/wp-json\/wp\/v2\/media?parent=4008"}],"wp:term":[{"taxonomy":"category","embeddable":true,"href":"https:\/\/estudiodaes.es\/en\/wp-json\/wp\/v2\/categories?post=4008"},{"taxonomy":"post_tag","embeddable":true,"href":"https:\/\/estudiodaes.es\/en\/wp-json\/wp\/v2\/tags?post=4008"}],"curies":[{"name":"wp","href":"https:\/\/api.w.org\/{rel}","templated":true}]}}