{"id":1792,"date":"2016-06-23T09:41:07","date_gmt":"2016-06-23T09:41:07","guid":{"rendered":"http:\/\/www.estudiodaes.es\/?p=1792"},"modified":"2016-06-23T09:41:07","modified_gmt":"2016-06-23T09:41:07","slug":"color-a-tu-pared","status":"publish","type":"post","link":"https:\/\/estudiodaes.es\/en\/color-a-tu-pared\/","title":{"rendered":"\u00bfPorque no pones color a tu pared? Los escandinavos est\u00e1n en ello"},"content":{"rendered":"<p><span id=\"\">Los interiores escandinavos siempre han sido amados y criticados por lo mismo. La pared de color blanca<\/span><span id=\"\">. Algunos vieron en ellos la pureza y la trampa de luz. Pero o<\/span><span id=\"\">tros vieron la pared blanca como la esterilidad de una sala de hospital. <\/span><\/p>\n<p><span id=\"\">Parece que el debate ha llegado\u00a0a su fin. Seg\u00fan los expertos<\/span><span id=\"\">, los escandinavos est\u00e1n abandonando cada vez m\u00e1s la pared blanca en favor de los colores saturados. <\/span><\/p>\n<h4><span id=\"\">\u00bfC\u00f3mo afectar\u00e1 esto el estilo escandinavo en general y los interiores dom\u00e9sticos que se inspiran en ellos?<\/span><\/h4>\n<p><span id=\"\"><br \/>\n<img loading=\"lazy\" decoding=\"async\" class=\"aligncenter wp-image-1796 size-full\" src=\"http:\/\/www.estudiodaes.es\/wp-content\/uploads\/2016\/06\/color-en-las-paredes-interiorismo-004.jpg\" alt=\"color-en-las-paredes-interiorismo-004\" width=\"800\" height=\"558\" title=\"\" srcset=\"https:\/\/estudiodaes.es\/wp-content\/uploads\/2016\/06\/color-en-las-paredes-interiorismo-004.jpg 800w, https:\/\/estudiodaes.es\/wp-content\/uploads\/2016\/06\/color-en-las-paredes-interiorismo-004-573x400.jpg 573w, https:\/\/estudiodaes.es\/wp-content\/uploads\/2016\/06\/color-en-las-paredes-interiorismo-004-768x536.jpg 768w, https:\/\/estudiodaes.es\/wp-content\/uploads\/2016\/06\/color-en-las-paredes-interiorismo-004-600x419.jpg 600w\" sizes=\"auto, (max-width: 800px) 100vw, 800px\" \/><br \/>\nSin embargo, durante la ebullici\u00f3n de la decoraci\u00f3n, se han cansado\u00a0incluso los escandinavos de ellos\u00a0mismos. En los \u00faltimos a\u00f1os, se reemplaza con otras gamas de amarillo a tonos c\u00e1lidos de color azul. Despu\u00e9s de todo, incluso en el oto\u00f1o, cuando en Suecia es muy tenue, por las\u00a0ventanas se puede ver hasta siete mil matices. Y los dise\u00f1adores han decidido\u00a0llevarlos hac\u00eda los interiores.<\/span><\/p>\n<p><span id=\"\"><br \/>\n<img loading=\"lazy\" decoding=\"async\" class=\"aligncenter wp-image-1723\" src=\"http:\/\/www.estudiodaes.es\/wp-content\/uploads\/2016\/06\/proyecto-ensanche-arquitectura-interiorismo-valencia-1004.jpg\" alt=\"proyecto-ensanche-arquitectura-interiorismo-valencia-1004\" width=\"800\" height=\"352\" title=\"\"><\/span><\/p>\n<p><span id=\"\">Si hablamos de tendencias extremas, cambiando interiores escandinavos, es dif\u00edcil no darse cuenta de la importancia de un acabado de color azul, negro o gris oscuro en oposici\u00f3n a la moda establecida en blanco.\u00a0<\/span><\/p>\n<p><span id=\"\"><img loading=\"lazy\" decoding=\"async\" class=\"aligncenter wp-image-1793 size-full\" src=\"http:\/\/www.estudiodaes.es\/wp-content\/uploads\/2016\/06\/color-en-las-paredes-interiorismo-003.jpg\" alt=\"color-en-las-paredes-interiorismo-003\" width=\"728\" height=\"486\" title=\"\" srcset=\"https:\/\/estudiodaes.es\/wp-content\/uploads\/2016\/06\/color-en-las-paredes-interiorismo-003.jpg 728w, https:\/\/estudiodaes.es\/wp-content\/uploads\/2016\/06\/color-en-las-paredes-interiorismo-003-599x400.jpg 599w, https:\/\/estudiodaes.es\/wp-content\/uploads\/2016\/06\/color-en-las-paredes-interiorismo-003-600x401.jpg 600w\" sizes=\"auto, (max-width: 728px) 100vw, 728px\" \/><br \/>\nPorque no probamos a cambiar nuestro ambiente con un nuevo color\u2026<\/span><\/p>\n<p><span id=\"\"><img loading=\"lazy\" decoding=\"async\" class=\"aligncenter wp-image-1800 size-full\" src=\"http:\/\/www.estudiodaes.es\/wp-content\/uploads\/2016\/06\/color-en-las-paredes-interiorismo-008.jpg\" alt=\"color-en-las-paredes-interiorismo-008\" width=\"760\" height=\"427\" title=\"\" srcset=\"https:\/\/estudiodaes.es\/wp-content\/uploads\/2016\/06\/color-en-las-paredes-interiorismo-008.jpg 760w, https:\/\/estudiodaes.es\/wp-content\/uploads\/2016\/06\/color-en-las-paredes-interiorismo-008-712x400.jpg 712w, https:\/\/estudiodaes.es\/wp-content\/uploads\/2016\/06\/color-en-las-paredes-interiorismo-008-600x337.jpg 600w\" sizes=\"auto, (max-width: 760px) 100vw, 760px\" \/><span id=\"ctrlcopy\"><\/span><\/span><\/p>","protected":false},"excerpt":{"rendered":"<p>Los interiores escandinavos siempre han sido amados y criticados por lo mismo. La pared de color blanca. Algunos vieron en ellos la pureza y la trampa de luz. Pero otros vieron la pared blanca como la esterilidad de una sala de hospital. Parece que el debate ha llegado\u00a0a su fin. Seg\u00fan los expertos, los escandinavos [&#8230;]\n","protected":false},"author":1,"featured_media":1803,"comment_status":"closed","ping_status":"closed","sticky":false,"template":"","format":"standard","meta":{"footnotes":""},"categories":[70],"tags":[71,72,73,74,75],"class_list":["post-1792","post","type-post","status-publish","format-standard","has-post-thumbnail","hentry","category-sin-categoria","tag-color-blanco","tag-colores-en-las-paredes","tag-estilo-escandinavo","tag-interiorismo","tag-renueva-tu-casa"],"_links":{"self":[{"href":"https:\/\/estudiodaes.es\/en\/wp-json\/wp\/v2\/posts\/1792","targetHints":{"allow":["GET"]}}],"collection":[{"href":"https:\/\/estudiodaes.es\/en\/wp-json\/wp\/v2\/posts"}],"about":[{"href":"https:\/\/estudiodaes.es\/en\/wp-json\/wp\/v2\/types\/post"}],"author":[{"embeddable":true,"href":"https:\/\/estudiodaes.es\/en\/wp-json\/wp\/v2\/users\/1"}],"replies":[{"embeddable":true,"href":"https:\/\/estudiodaes.es\/en\/wp-json\/wp\/v2\/comments?post=1792"}],"version-history":[{"count":0,"href":"https:\/\/estudiodaes.es\/en\/wp-json\/wp\/v2\/posts\/1792\/revisions"}],"wp:featuredmedia":[{"embeddable":true,"href":"https:\/\/estudiodaes.es\/en\/wp-json\/wp\/v2\/media\/1803"}],"wp:attachment":[{"href":"https:\/\/estudiodaes.es\/en\/wp-json\/wp\/v2\/media?parent=1792"}],"wp:term":[{"taxonomy":"category","embeddable":true,"href":"https:\/\/estudiodaes.es\/en\/wp-json\/wp\/v2\/categories?post=1792"},{"taxonomy":"post_tag","embeddable":true,"href":"https:\/\/estudiodaes.es\/en\/wp-json\/wp\/v2\/tags?post=1792"}],"curies":[{"name":"wp","href":"https:\/\/api.w.org\/{rel}","templated":true}]}}