{"id":10973,"date":"2025-08-17T21:00:51","date_gmt":"2025-08-17T21:00:51","guid":{"rendered":"https:\/\/estudiodaes.es\/?p=10973"},"modified":"2025-08-21T15:50:41","modified_gmt":"2025-08-21T15:50:41","slug":"reformar-tu-oficina","status":"publish","type":"post","link":"https:\/\/estudiodaes.es\/en\/reformar-tu-oficina\/","title":{"rendered":"MATERIALES SOSTENIBLES PARA REFORMAR TU OFICINA"},"content":{"rendered":"<h1 data-start=\"529\" data-end=\"644\">Materiales sostenibles y de bajo mantenimiento para reformar tu oficina: consejos de un estudio de interiorismo en Valencia<\/h1>\n<p data-start=\"646\" data-end=\"939\">Renovar una oficina no es solo \u201cpintar y cambiar muebles\u201d. Es repensar un espacio para que cuente qui\u00e9n eres, c\u00f3mo trabajas y hacia d\u00f3nde vas. En un <strong data-start=\"795\" data-end=\"816\">proyecto integral<\/strong> de <strong data-start=\"820\" data-end=\"836\">interiorismo<\/strong>, cada decisi\u00f3n de materiales define no solo la est\u00e9tica, sino la vida \u00fatil y el confort del espacio.<\/p>\n<p data-start=\"941\" data-end=\"1211\">At <a class=\"\" href=\"https:\/\/estudiodaes.es\/en\/\" target=\"_new\" rel=\"noopener\" data-start=\"944\" data-end=\"986\"><strong data-start=\"945\" data-end=\"960\">Estudiodaes<\/strong><\/a>, cuando afrontamos una <strong data-start=\"1010\" data-end=\"1046\">reforma de oficina de la empresa<\/strong>, no pensamos solo en que se vea bien el d\u00eda de la inauguraci\u00f3n: queremos que, dentro de cinco a\u00f1os, siga funcionando como el primer d\u00eda\u2026 y que a\u00fan te siga gustando.<\/p>\n<hr data-start=\"1213\" data-end=\"1216\" \/>\n<div class=\"row\"  id=\"row-1268178535\">\n<div class=\"col small-12 large-12\"  ><div class=\"col-inner\"  >\n\t<div class=\"img has-hover x md-x lg-x y md-y lg-y\" id=\"image_2005313179\">\n\t\t\t\t\t\t\t\t<div class=\"img-inner dark\" >\n\t\t\t<img loading=\"lazy\" decoding=\"async\" width=\"1020\" height=\"765\" src=\"https:\/\/estudiodaes.es\/wp-content\/uploads\/2025\/06\/Salva-y-Sandra-Estudiodaes-1067x800.jpg\" class=\"attachment-large size-large\" alt=\"Estudiodaes\" srcset=\"https:\/\/estudiodaes.es\/wp-content\/uploads\/2025\/06\/Salva-y-Sandra-Estudiodaes-1067x800.jpg 1067w, https:\/\/estudiodaes.es\/wp-content\/uploads\/2025\/06\/Salva-y-Sandra-Estudiodaes-533x400.jpg 533w, https:\/\/estudiodaes.es\/wp-content\/uploads\/2025\/06\/Salva-y-Sandra-Estudiodaes-768x576.jpg 768w, https:\/\/estudiodaes.es\/wp-content\/uploads\/2025\/06\/Salva-y-Sandra-Estudiodaes-1536x1152.jpg 1536w, https:\/\/estudiodaes.es\/wp-content\/uploads\/2025\/06\/Salva-y-Sandra-Estudiodaes-2048x1536.jpg 2048w, https:\/\/estudiodaes.es\/wp-content\/uploads\/2025\/06\/Salva-y-Sandra-Estudiodaes-16x12.jpg 16w\" sizes=\"auto, (max-width: 1020px) 100vw, 1020px\" title=\"\">\t\t\t\t\t\t\n\t\t\t\t\t<\/div>\n\t\t\t\t\t\t\t\t\n<style scope=\"scope\">\n\n#image_2005313179 {\n  width: 100%;\n}\n<\/style>\n\t<\/div>\n\t\n<\/div><\/div>\n<\/div>\n<h2 data-start=\"1218\" data-end=\"1265\"><\/h2>\n<h2 data-start=\"1218\" data-end=\"1265\">Suelos que aguantan tu ritmo (y el de todos)<\/h2>\n<p data-start=\"1267\" data-end=\"1446\">En una oficina el suelo vive de todo: tacones, sillas con ruedas, caf\u00e9 derramado y esa planta que riegas m\u00e1s de la cuenta. Por eso en un <strong data-start=\"1404\" data-end=\"1427\">proyecto de oficina<\/strong> no nos la jugamos:<\/p>\n<ul data-start=\"1448\" data-end=\"1642\">\n<li data-start=\"1448\" data-end=\"1547\">\n<p data-start=\"1450\" data-end=\"1547\"><strong data-start=\"1450\" data-end=\"1489\">Porcel\u00e1nico efecto piedra o cemento<\/strong>: fuerte, elegante y con mantenimiento casi inexistente.<\/p>\n<\/li>\n<li data-start=\"1548\" data-end=\"1642\">\n<p data-start=\"1550\" data-end=\"1642\"><strong data-start=\"1550\" data-end=\"1567\">Laminados HPL<\/strong>: si buscas la calidez de la madera pero sin dramas por ara\u00f1azos o manchas.<\/p>\n<\/li>\n<\/ul>\n<p data-start=\"1644\" data-end=\"1733\">Ambos son f\u00e1ciles de limpiar, resisten como un buen equipo y aportan car\u00e1cter al espacio.<\/p>\n<hr data-start=\"1735\" data-end=\"1738\" \/>\n\t<section class=\"section\" id=\"section_463899300\">\n\t\t<div class=\"bg section-bg fill bg-fill  bg-loaded\" >\n\n\t\t\t\n\t\t\t\n\t\t\t\n\n\t\t<\/div><!-- .section-bg -->\n\n\t\t<div class=\"section-content relative\">\n\t\t\t\n  <div class=\"banner-grid-wrapper\">\n  <div id=\"banner-grid-929074832\" class=\"banner-grid row row-grid row-small\" data-packery-options=\"\">\n                      \n<div class=\"col grid-col large-6 grid-col-2-3\" ><div class=\"col-inner\">\n\t<div class=\"img has-hover x md-x lg-x y md-y lg-y\" id=\"image_238180257\">\n\t\t\t\t\t\t\t\t<div class=\"img-inner dark\" >\n\t\t\t<img loading=\"lazy\" decoding=\"async\" width=\"640\" height=\"800\" src=\"https:\/\/estudiodaes.es\/wp-content\/uploads\/2025\/08\/oracdecor-pared--640x800.jpg\" class=\"attachment-large size-large\" alt=\"molduras pared orac decor - reforma oficinas\" srcset=\"https:\/\/estudiodaes.es\/wp-content\/uploads\/2025\/08\/oracdecor-pared--640x800.jpg 640w, https:\/\/estudiodaes.es\/wp-content\/uploads\/2025\/08\/oracdecor-pared--320x400.jpg 320w, https:\/\/estudiodaes.es\/wp-content\/uploads\/2025\/08\/oracdecor-pared--768x960.jpg 768w, https:\/\/estudiodaes.es\/wp-content\/uploads\/2025\/08\/oracdecor-pared--10x12.jpg 10w, https:\/\/estudiodaes.es\/wp-content\/uploads\/2025\/08\/oracdecor-pared-.jpg 960w\" sizes=\"auto, (max-width: 640px) 100vw, 640px\" title=\"\">\t\t\t\t\t\t\n\t\t\t\t\t<\/div>\n\t\t\t\t\t\t\t\t\n<style scope=\"scope\">\n\n#image_238180257 {\n  width: 100%;\n}\n<\/style>\n\t<\/div>\n\t\n<\/div><\/div>\n<div class=\"col grid-col large-6 grid-col-1-2\" ><div class=\"col-inner\">\n\t<div class=\"img has-hover x md-x lg-x y md-y lg-y\" id=\"image_1470131130\">\n\t\t\t\t\t\t\t\t<div class=\"img-inner dark\" >\n\t\t\t<img loading=\"lazy\" decoding=\"async\" width=\"572\" height=\"800\" src=\"https:\/\/estudiodaes.es\/wp-content\/uploads\/2025\/08\/marazzi-05-572x800.png\" class=\"attachment-large size-large\" alt=\"suelo y pared marazzi - reforma oficinas\" srcset=\"https:\/\/estudiodaes.es\/wp-content\/uploads\/2025\/08\/marazzi-05-572x800.png 572w, https:\/\/estudiodaes.es\/wp-content\/uploads\/2025\/08\/marazzi-05-286x400.png 286w, https:\/\/estudiodaes.es\/wp-content\/uploads\/2025\/08\/marazzi-05-9x12.png 9w, https:\/\/estudiodaes.es\/wp-content\/uploads\/2025\/08\/marazzi-05.png 632w\" sizes=\"auto, (max-width: 572px) 100vw, 572px\" title=\"\">\t\t\t\t\t\t\n\t\t\t\t\t<\/div>\n\t\t\t\t\t\t\t\t\n<style scope=\"scope\">\n\n#image_1470131130 {\n  width: 100%;\n}\n<\/style>\n\t<\/div>\n\t\n<\/div><\/div>\n<div class=\"col grid-col large-3 grid-col-1-2\" ><div class=\"col-inner\">\n\t<div class=\"img has-hover x md-x lg-x y md-y lg-y\" id=\"image_1306093532\">\n\t\t\t\t\t\t\t\t<div class=\"img-inner dark\" >\n\t\t\t<img loading=\"lazy\" decoding=\"async\" width=\"562\" height=\"774\" src=\"https:\/\/estudiodaes.es\/wp-content\/uploads\/2025\/08\/marazzi-04.png\" class=\"attachment-large size-large\" alt=\"suelo y pared marazzi - reforma oficinas\" srcset=\"https:\/\/estudiodaes.es\/wp-content\/uploads\/2025\/08\/marazzi-04.png 562w, https:\/\/estudiodaes.es\/wp-content\/uploads\/2025\/08\/marazzi-04-290x400.png 290w, https:\/\/estudiodaes.es\/wp-content\/uploads\/2025\/08\/marazzi-04-9x12.png 9w\" sizes=\"auto, (max-width: 562px) 100vw, 562px\" title=\"\">\t\t\t\t\t\t\n\t\t\t\t\t<\/div>\n\t\t\t\t\t\t\t\t\n<style scope=\"scope\">\n\n#image_1306093532 {\n  width: 100%;\n}\n<\/style>\n\t<\/div>\n\t\n<\/div><\/div>\n<div class=\"col grid-col large-3 grid-col-1-2\" ><div class=\"col-inner\">\n\t<div class=\"img has-hover x md-x lg-x y md-y lg-y\" id=\"image_1491609528\">\n\t\t\t\t\t\t\t\t<div class=\"img-inner dark\" >\n\t\t\t<img loading=\"lazy\" decoding=\"async\" width=\"533\" height=\"800\" src=\"https:\/\/estudiodaes.es\/wp-content\/uploads\/2025\/08\/marazzi-03-533x800.png\" class=\"attachment-large size-large\" alt=\"suelo y pared marazzi - reforma oficinas\" srcset=\"https:\/\/estudiodaes.es\/wp-content\/uploads\/2025\/08\/marazzi-03-533x800.png 533w, https:\/\/estudiodaes.es\/wp-content\/uploads\/2025\/08\/marazzi-03-266x400.png 266w, https:\/\/estudiodaes.es\/wp-content\/uploads\/2025\/08\/marazzi-03-8x12.png 8w, https:\/\/estudiodaes.es\/wp-content\/uploads\/2025\/08\/marazzi-03.png 594w\" sizes=\"auto, (max-width: 533px) 100vw, 533px\" title=\"\">\t\t\t\t\t\t\n\t\t\t\t\t<\/div>\n\t\t\t\t\t\t\t\t\n<style scope=\"scope\">\n\n#image_1491609528 {\n  width: 100%;\n}\n<\/style>\n\t<\/div>\n\t\n<\/div><\/div>\n<div class=\"col grid-col large-6 grid-col-1-3\" ><div class=\"col-inner\">\n\t<div class=\"img has-hover x md-x lg-x y md-y lg-y\" id=\"image_939909454\">\n\t\t\t\t\t\t\t\t<div class=\"img-inner dark\" >\n\t\t\t<img loading=\"lazy\" decoding=\"async\" width=\"1020\" height=\"678\" src=\"https:\/\/estudiodaes.es\/wp-content\/uploads\/2025\/08\/marazzi-01-1203x800.png\" class=\"attachment-large size-large\" alt=\"suelo marazzi - reforma oficinas\" srcset=\"https:\/\/estudiodaes.es\/wp-content\/uploads\/2025\/08\/marazzi-01-1203x800.png 1203w, https:\/\/estudiodaes.es\/wp-content\/uploads\/2025\/08\/marazzi-01-601x400.png 601w, https:\/\/estudiodaes.es\/wp-content\/uploads\/2025\/08\/marazzi-01-768x511.png 768w, https:\/\/estudiodaes.es\/wp-content\/uploads\/2025\/08\/marazzi-01-18x12.png 18w, https:\/\/estudiodaes.es\/wp-content\/uploads\/2025\/08\/marazzi-01.png 1272w\" sizes=\"auto, (max-width: 1020px) 100vw, 1020px\" title=\"\">\t\t\t\t\t\t\n\t\t\t\t\t<\/div>\n\t\t\t\t\t\t\t\t\n<style scope=\"scope\">\n\n#image_939909454 {\n  width: 100%;\n}\n<\/style>\n\t<\/div>\n\t\n<\/div><\/div>\n            <\/div><!-- .banner-grid .row .grid -->\n    <style scope=\"scope\">\n    #banner-grid-929074832 .grid-col-1{height: 600px}\n    #banner-grid-929074832 .grid-col-1-2{height: 300px}\n    #banner-grid-929074832 .grid-col-1-3{height:200px}\n    #banner-grid-929074832 .grid-col-2-3{height: 400px}\n    #banner-grid-929074832 .grid-col-1-4{height: 150px}\n    #banner-grid-929074832 .grid-col-3-4{height: 450px}\n\n\n    \n    \n\n  <\/style>\n    <\/div><!-- .banner-grid-wrapper -->\n  \n\t\t<\/div><!-- .section-content -->\n\n\t\t\n<style scope=\"scope\">\n\n#section_463899300 {\n  padding-top: 30px;\n  padding-bottom: 30px;\n}\n<\/style>\n\t<\/section>\n\t\n<h2 data-start=\"1740\" data-end=\"1767\">Paredes que hablan de ti<\/h2>\n<p data-start=\"1769\" data-end=\"1901\">Las paredes no est\u00e1n solo para separar estancias. En un <strong data-start=\"1823\" data-end=\"1844\">proyecto integral<\/strong>, las tratamos como lienzos para transmitir tu identidad:<\/p>\n<ul data-start=\"1903\" data-end=\"2157\">\n<li data-start=\"1903\" data-end=\"1983\">\n<p data-start=\"1905\" data-end=\"1983\"><strong data-start=\"1905\" data-end=\"1937\">Paneles ac\u00fasticos reciclados<\/strong>: reducen el ruido y suman puntos de dise\u00f1o.<\/p>\n<\/li>\n<li data-start=\"1984\" data-end=\"2070\">\n<p data-start=\"1986\" data-end=\"2070\"><strong data-start=\"1986\" data-end=\"2029\">Lacados en tonos corporativos o neutros<\/strong>: orden visual y elegancia instant\u00e1nea.<\/p>\n<\/li>\n<li data-start=\"2071\" data-end=\"2157\">\n<p data-start=\"2073\" data-end=\"2157\"><strong data-start=\"2073\" data-end=\"2104\">Vinilos de alta resistencia<\/strong>: perfectos para dar personalidad sin complicaciones.<\/p>\n<\/li>\n<\/ul>\n<hr data-start=\"2159\" data-end=\"2162\" \/>\n<h2 data-start=\"2164\" data-end=\"2207\">Mobiliario que se adapta (y no al rev\u00e9s)<\/h2>\n<p data-start=\"2209\" data-end=\"2347\">Olv\u00eddate del \u201cencajamos esta mesa aqu\u00ed porque cabe\u201d. El mobiliario a medida es clave para aprovechar cada rinc\u00f3n y trabajar con comodidad.<\/p>\n<ul data-start=\"2349\" data-end=\"2577\">\n<li data-start=\"2349\" data-end=\"2433\">\n<p data-start=\"2351\" data-end=\"2433\"><strong data-start=\"2351\" data-end=\"2391\">Superficies laminadas anti-rayaduras<\/strong>: para que no se note la batalla diaria.<\/p>\n<\/li>\n<li data-start=\"2434\" data-end=\"2502\">\n<p data-start=\"2436\" data-end=\"2502\"><strong data-start=\"2436\" data-end=\"2466\">Materiales antibacterianos<\/strong>: ideales para zonas de uso com\u00fan.<\/p>\n<\/li>\n<li data-start=\"2503\" data-end=\"2577\">\n<p data-start=\"2505\" data-end=\"2577\"><strong data-start=\"2505\" data-end=\"2529\">Maderas certificadas<\/strong>: sostenibilidad con tacto c\u00e1lido y profesional.<\/p>\n<\/li>\n<\/ul>\n<hr data-start=\"3027\" data-end=\"3030\" \/>\n\t<section class=\"section\" id=\"section_1509662179\">\n\t\t<div class=\"bg section-bg fill bg-fill  bg-loaded\" >\n\n\t\t\t\n\t\t\t\n\t\t\t\n\n\t\t<\/div><!-- .section-bg -->\n\n\t\t<div class=\"section-content relative\">\n\t\t\t\n<div class=\"row\"  id=\"row-1597559715\">\n<div class=\"col medium-6 small-12 large-6\"  ><div class=\"col-inner\"  >\n\t<div class=\"img has-hover x md-x lg-x y md-y lg-y\" id=\"image_797969794\">\n\t\t\t\t\t\t\t\t<div class=\"img-inner dark\" >\n\t\t\t<img loading=\"lazy\" decoding=\"async\" width=\"600\" height=\"800\" src=\"https:\/\/estudiodaes.es\/wp-content\/uploads\/2025\/08\/oracdecor-techo-02-600x800.jpg\" class=\"attachment-large size-large\" alt=\"molduras techo orac decor - reforma oficinas\" srcset=\"https:\/\/estudiodaes.es\/wp-content\/uploads\/2025\/08\/oracdecor-techo-02-600x800.jpg 600w, https:\/\/estudiodaes.es\/wp-content\/uploads\/2025\/08\/oracdecor-techo-02-300x400.jpg 300w, https:\/\/estudiodaes.es\/wp-content\/uploads\/2025\/08\/oracdecor-techo-02-768x1024.jpg 768w, https:\/\/estudiodaes.es\/wp-content\/uploads\/2025\/08\/oracdecor-techo-02-9x12.jpg 9w, https:\/\/estudiodaes.es\/wp-content\/uploads\/2025\/08\/oracdecor-techo-02.jpg 1080w\" sizes=\"auto, (max-width: 600px) 100vw, 600px\" title=\"\">\t\t\t\t\t\t\n\t\t\t\t\t<\/div>\n\t\t\t\t\t\t\t\t\n<style scope=\"scope\">\n\n#image_797969794 {\n  width: 100%;\n}\n<\/style>\n\t<\/div>\n\t\n<\/div><\/div>\n<div class=\"col medium-6 small-12 large-6\"  ><div class=\"col-inner\"  >\n\t<div class=\"img has-hover x md-x lg-x y md-y lg-y\" id=\"image_1013452374\">\n\t\t\t\t\t\t\t\t<div class=\"img-inner dark\" >\n\t\t\t<img loading=\"lazy\" decoding=\"async\" width=\"640\" height=\"800\" src=\"https:\/\/estudiodaes.es\/wp-content\/uploads\/2025\/08\/oracdecor-pared--640x800.jpg\" class=\"attachment-large size-large\" alt=\"molduras pared orac decor - reforma oficinas\" srcset=\"https:\/\/estudiodaes.es\/wp-content\/uploads\/2025\/08\/oracdecor-pared--640x800.jpg 640w, https:\/\/estudiodaes.es\/wp-content\/uploads\/2025\/08\/oracdecor-pared--320x400.jpg 320w, https:\/\/estudiodaes.es\/wp-content\/uploads\/2025\/08\/oracdecor-pared--768x960.jpg 768w, https:\/\/estudiodaes.es\/wp-content\/uploads\/2025\/08\/oracdecor-pared--10x12.jpg 10w, https:\/\/estudiodaes.es\/wp-content\/uploads\/2025\/08\/oracdecor-pared-.jpg 960w\" sizes=\"auto, (max-width: 640px) 100vw, 640px\" title=\"\">\t\t\t\t\t\t\n\t\t\t\t\t<\/div>\n\t\t\t\t\t\t\t\t\n<style scope=\"scope\">\n\n#image_1013452374 {\n  width: 100%;\n}\n<\/style>\n\t<\/div>\n\t\n<\/div><\/div>\n<\/div>\n\t\t<\/div><!-- .section-content -->\n\n\t\t\n<style scope=\"scope\">\n\n#section_1509662179 {\n  padding-top: 30px;\n  padding-bottom: 30px;\n}\n<\/style>\n\t<\/section>\n\t\n\t<section class=\"section\" id=\"section_648222927\">\n\t\t<div class=\"bg section-bg fill bg-fill  bg-loaded\" >\n\n\t\t\t\n\t\t\t\n\t\t\t\n\n\t\t<\/div><!-- .section-bg -->\n\n\t\t<div class=\"section-content relative\">\n\t\t\t\n<h2 data-start=\"2584\" data-end=\"2624\">Iluminaci\u00f3n que inspira, no que agota<\/h2>\n<p data-start=\"2626\" data-end=\"2765\">La luz puede ser tu mejor aliada o tu peor enemiga. Un mal dise\u00f1o lum\u00ednico cansa y desconcentra; uno bueno, motiva y mejora el rendimiento.<\/p>\n<ul data-start=\"2767\" data-end=\"3025\">\n<li data-start=\"2767\" data-end=\"2871\">\n<p data-start=\"2769\" data-end=\"2871\"><strong data-start=\"2769\" data-end=\"2804\">Techos tensados retroiluminados<\/strong>: simulan un cielo de primavera sin nubes (aunque fuera diluvie).<\/p>\n<\/li>\n<li data-start=\"2872\" data-end=\"2941\">\n<p data-start=\"2874\" data-end=\"2941\"><strong data-start=\"2874\" data-end=\"2892\">LED regulables<\/strong>: adaptan la intensidad a cada momento del d\u00eda.<\/p>\n<\/li>\n<li data-start=\"2942\" data-end=\"3025\">\n<p data-start=\"2944\" data-end=\"3025\"><strong data-start=\"2944\" data-end=\"2970\">Luminarias suspendidas<\/strong>: funcionales y con ese punto \u201cwow\u201d para las reuniones.<\/p>\n<\/li>\n<\/ul>\n\t\t<\/div><!-- .section-content -->\n\n\t\t\n<style scope=\"scope\">\n\n#section_648222927 {\n  padding-top: 30px;\n  padding-bottom: 30px;\n}\n<\/style>\n\t<\/section>\n\t\n\t<section class=\"section\" id=\"section_1761249100\">\n\t\t<div class=\"bg section-bg fill bg-fill  bg-loaded\" >\n\n\t\t\t\n\t\t\t\n\t\t\t\n\n\t\t<\/div><!-- .section-bg -->\n\n\t\t<div class=\"section-content relative\">\n\t\t\t\n  <div class=\"banner-grid-wrapper\">\n  <div id=\"banner-grid-1721677791\" class=\"banner-grid row row-grid row-small\" data-packery-options=\"\">\n                      \n<div class=\"col grid-col large-6 grid-col-1\" ><div class=\"col-inner\">\n\t<div class=\"img has-hover x md-x lg-x y md-y lg-y\" id=\"image_1403823081\">\n\t\t\t\t\t\t\t\t<div class=\"img-inner dark\" >\n\t\t\t<img loading=\"lazy\" decoding=\"async\" width=\"803\" height=\"800\" src=\"https:\/\/estudiodaes.es\/wp-content\/uploads\/2025\/05\/Pared-salon-orac-803x800.webp\" class=\"attachment-large size-large\" alt=\"Molduras Orac Decor\" srcset=\"https:\/\/estudiodaes.es\/wp-content\/uploads\/2025\/05\/Pared-salon-orac-803x800.webp 803w, https:\/\/estudiodaes.es\/wp-content\/uploads\/2025\/05\/Pared-salon-orac-402x400.webp 402w, https:\/\/estudiodaes.es\/wp-content\/uploads\/2025\/05\/Pared-salon-orac-280x280.webp 280w, https:\/\/estudiodaes.es\/wp-content\/uploads\/2025\/05\/Pared-salon-orac-768x765.webp 768w, https:\/\/estudiodaes.es\/wp-content\/uploads\/2025\/05\/Pared-salon-orac-1536x1530.webp 1536w, https:\/\/estudiodaes.es\/wp-content\/uploads\/2025\/05\/Pared-salon-orac-2048x2040.webp 2048w, https:\/\/estudiodaes.es\/wp-content\/uploads\/2025\/05\/Pared-salon-orac-12x12.webp 12w\" sizes=\"auto, (max-width: 803px) 100vw, 803px\" title=\"\">\t\t\t\t\t\t\n\t\t\t\t\t<\/div>\n\t\t\t\t\t\t\t\t\n<style scope=\"scope\">\n\n#image_1403823081 {\n  width: 100%;\n}\n<\/style>\n\t<\/div>\n\t\n<\/div><\/div>\n<div class=\"col grid-col large-3 grid-col-1-2\" ><div class=\"col-inner\">\n\t<div class=\"img has-hover x md-x lg-x y md-y lg-y\" id=\"image_1435381915\">\n\t\t\t\t\t\t\t\t<div class=\"img-inner dark\" >\n\t\t\t<img loading=\"lazy\" decoding=\"async\" width=\"800\" height=\"800\" src=\"https:\/\/estudiodaes.es\/wp-content\/uploads\/2025\/05\/Escalera-edificio-800x800.webp\" class=\"attachment-large size-large\" alt=\"escalera desde arriba\" srcset=\"https:\/\/estudiodaes.es\/wp-content\/uploads\/2025\/05\/Escalera-edificio-800x800.webp 800w, https:\/\/estudiodaes.es\/wp-content\/uploads\/2025\/05\/Escalera-edificio-400x400.webp 400w, https:\/\/estudiodaes.es\/wp-content\/uploads\/2025\/05\/Escalera-edificio-280x280.webp 280w, https:\/\/estudiodaes.es\/wp-content\/uploads\/2025\/05\/Escalera-edificio-768x768.webp 768w, https:\/\/estudiodaes.es\/wp-content\/uploads\/2025\/05\/Escalera-edificio-12x12.webp 12w, https:\/\/estudiodaes.es\/wp-content\/uploads\/2025\/05\/Escalera-edificio.webp 1080w\" sizes=\"auto, (max-width: 800px) 100vw, 800px\" title=\"\">\t\t\t\t\t\t\n\t\t\t\t\t<\/div>\n\t\t\t\t\t\t\t\t\n<style scope=\"scope\">\n\n#image_1435381915 {\n  width: 100%;\n}\n<\/style>\n\t<\/div>\n\t\n<\/div><\/div>\n<div class=\"col grid-col large-3 grid-col-1-2\" ><div class=\"col-inner\">\n\t<div class=\"img has-hover x md-x lg-x y md-y lg-y\" id=\"image_2085594164\">\n\t\t\t\t\t\t\t\t<div class=\"img-inner dark\" >\n\t\t\t<img loading=\"lazy\" decoding=\"async\" width=\"1020\" height=\"680\" src=\"https:\/\/estudiodaes.es\/wp-content\/uploads\/2025\/05\/Molduras-Orac-Decor-1200x800.jpg\" class=\"attachment-large size-large\" alt=\"Molduras Orac Decor\" srcset=\"https:\/\/estudiodaes.es\/wp-content\/uploads\/2025\/05\/Molduras-Orac-Decor-1200x800.jpg 1200w, https:\/\/estudiodaes.es\/wp-content\/uploads\/2025\/05\/Molduras-Orac-Decor-600x400.jpg 600w, https:\/\/estudiodaes.es\/wp-content\/uploads\/2025\/05\/Molduras-Orac-Decor-768x512.jpg 768w, https:\/\/estudiodaes.es\/wp-content\/uploads\/2025\/05\/Molduras-Orac-Decor-1536x1024.jpg 1536w, https:\/\/estudiodaes.es\/wp-content\/uploads\/2025\/05\/Molduras-Orac-Decor-18x12.jpg 18w, https:\/\/estudiodaes.es\/wp-content\/uploads\/2025\/05\/Molduras-Orac-Decor.jpg 1920w\" sizes=\"auto, (max-width: 1020px) 100vw, 1020px\" title=\"\">\t\t\t\t\t\t\n\t\t\t\t\t<\/div>\n\t\t\t\t\t\t\t\t\n<style scope=\"scope\">\n\n#image_2085594164 {\n  width: 100%;\n}\n<\/style>\n\t<\/div>\n\t\n<\/div><\/div>\n<div class=\"col grid-col large-6 grid-col-1-2\" ><div class=\"col-inner\">\n\t<div class=\"img has-hover x md-x lg-x y md-y lg-y\" id=\"image_1107474596\">\n\t\t\t\t\t\t\t\t<div class=\"img-inner dark\" >\n\t\t\t<img loading=\"lazy\" decoding=\"async\" width=\"534\" height=\"800\" src=\"https:\/\/estudiodaes.es\/wp-content\/uploads\/2025\/07\/daes-oficinas-eyb-mariamira-21-534x800.jpg\" class=\"attachment-large size-large\" alt=\"proyecto integral oficina, mesa de trabajo de madera\" srcset=\"https:\/\/estudiodaes.es\/wp-content\/uploads\/2025\/07\/daes-oficinas-eyb-mariamira-21-534x800.jpg 534w, https:\/\/estudiodaes.es\/wp-content\/uploads\/2025\/07\/daes-oficinas-eyb-mariamira-21-267x400.jpg 267w, https:\/\/estudiodaes.es\/wp-content\/uploads\/2025\/07\/daes-oficinas-eyb-mariamira-21-768x1151.jpg 768w, https:\/\/estudiodaes.es\/wp-content\/uploads\/2025\/07\/daes-oficinas-eyb-mariamira-21-8x12.jpg 8w, https:\/\/estudiodaes.es\/wp-content\/uploads\/2025\/07\/daes-oficinas-eyb-mariamira-21.jpg 1000w\" sizes=\"auto, (max-width: 534px) 100vw, 534px\" title=\"\">\t\t\t\t\t\t\n\t\t\t\t\t<\/div>\n\t\t\t\t\t\t\t\t\n<style scope=\"scope\">\n\n#image_1107474596 {\n  width: 100%;\n}\n<\/style>\n\t<\/div>\n\t\n<\/div><\/div>\n            <\/div><!-- .banner-grid .row .grid -->\n    <style scope=\"scope\">\n    #banner-grid-1721677791 .grid-col-1{height: 600px}\n    #banner-grid-1721677791 .grid-col-1-2{height: 300px}\n    #banner-grid-1721677791 .grid-col-1-3{height:200px}\n    #banner-grid-1721677791 .grid-col-2-3{height: 400px}\n    #banner-grid-1721677791 .grid-col-1-4{height: 150px}\n    #banner-grid-1721677791 .grid-col-3-4{height: 450px}\n\n\n    \n    \n\n  <\/style>\n    <\/div><!-- .banner-grid-wrapper -->\n  \n\t\t<\/div><!-- .section-content -->\n\n\t\t\n<style scope=\"scope\">\n\n#section_1761249100 {\n  padding-top: 30px;\n  padding-bottom: 30px;\n}\n<\/style>\n\t<\/section>\n\t\n<h2 data-start=\"3032\" data-end=\"3060\">Sostenibilidad con estilo<\/h2>\n<p data-start=\"3062\" data-end=\"3264\">No es una moda, es una responsabilidad. Usar materiales reciclados, certificados y de bajo impacto es posible sin renunciar al dise\u00f1o. De hecho, es una carta de presentaci\u00f3n muy potente para tu empresa.<\/p>\n<p data-start=\"3266\" data-end=\"3483\">En nuestro <a class=\"cursor-pointer\" target=\"_new\" rel=\"noopener\" data-start=\"3277\" data-end=\"3382\"><strong data-start=\"3278\" data-end=\"3317\">interior design studio in Valencia<\/strong><\/a>, trabajamos con proveedores que comparten esa visi\u00f3n: belleza, durabilidad y respeto por el entorno.<\/p>\n<hr data-start=\"3485\" data-end=\"3488\" \/>\n<p data-start=\"3490\" data-end=\"3503\">*En todo <strong data-start=\"175\" data-end=\"196\">proyecto integral<\/strong> de oficinas, los peque\u00f1os detalles son los que convierten un espacio correcto en un lugar extraordinario. Desde la elecci\u00f3n de tiradores ergon\u00f3micos y discretos hasta la integraci\u00f3n de tecnolog\u00eda sin cables a la vista, cada decisi\u00f3n suma confort y mejora la experiencia diaria. Incluso algo tan sencillo como elegir textiles ac\u00fasticos o cortinas t\u00e9cnicas puede transformar la forma en la que se vive y se trabaja en la oficina, aportando calidez y funcionalidad a partes iguales.<\/p>\n<p data-start=\"3505\" data-end=\"3754\">Una <strong data-start=\"3509\" data-end=\"3545\">reforma de oficina de la empresa<\/strong> bien pensada no solo crea un espacio bonito: crea un lugar que funciona, dura y cuenta tu historia. En <strong data-start=\"3649\" data-end=\"3664\">Estudiodaes<\/strong> lo hacemos posible uniendo creatividad, t\u00e9cnica y materiales que saben estar a la altura.<\/p>\n<p data-start=\"3756\" data-end=\"3975\"><strong data-start=\"3756\" data-end=\"3793\">\u00bfHablamos de tu pr\u00f3ximo proyecto?<\/strong><br data-start=\"3793\" data-end=\"3796\" \/>Podemos ayudarte a transformar tu oficina en un espacio donde todo fluya: trabajo, ideas\u2026 y hasta el caf\u00e9 de los lunes.<br data-start=\"3915\" data-end=\"3918\" \/><a href=\"https:\/\/estudiodaes.es\/en\/contacto-estudiodaes\/\" target=\"_blank\" rel=\"noopener\"><strong data-start=\"3919\" data-end=\"3939\">Cont\u00e1ctanos aqu\u00ed<\/strong>.<\/a><\/p>","protected":false},"excerpt":{"rendered":"<p>Materiales sostenibles y de bajo mantenimiento para reformar tu oficina: consejos de un estudio de interiorismo en Valencia Renovar una oficina no es solo \u201cpintar y cambiar muebles\u201d. Es repensar un espacio para que cuente qui\u00e9n eres, c\u00f3mo trabajas y hacia d\u00f3nde vas. En un proyecto integral de interiorismo, cada decisi\u00f3n de materiales define no [&#8230;]\n","protected":false},"author":1,"featured_media":10951,"comment_status":"closed","ping_status":"open","sticky":false,"template":"","format":"standard","meta":{"footnotes":""},"categories":[222,331],"tags":[],"class_list":["post-10973","post","type-post","status-publish","format-standard","has-post-thumbnail","hentry","category-decoracion-interior","category-oficinas"],"_links":{"self":[{"href":"https:\/\/estudiodaes.es\/en\/wp-json\/wp\/v2\/posts\/10973","targetHints":{"allow":["GET"]}}],"collection":[{"href":"https:\/\/estudiodaes.es\/en\/wp-json\/wp\/v2\/posts"}],"about":[{"href":"https:\/\/estudiodaes.es\/en\/wp-json\/wp\/v2\/types\/post"}],"author":[{"embeddable":true,"href":"https:\/\/estudiodaes.es\/en\/wp-json\/wp\/v2\/users\/1"}],"replies":[{"embeddable":true,"href":"https:\/\/estudiodaes.es\/en\/wp-json\/wp\/v2\/comments?post=10973"}],"version-history":[{"count":13,"href":"https:\/\/estudiodaes.es\/en\/wp-json\/wp\/v2\/posts\/10973\/revisions"}],"predecessor-version":[{"id":10995,"href":"https:\/\/estudiodaes.es\/en\/wp-json\/wp\/v2\/posts\/10973\/revisions\/10995"}],"wp:featuredmedia":[{"embeddable":true,"href":"https:\/\/estudiodaes.es\/en\/wp-json\/wp\/v2\/media\/10951"}],"wp:attachment":[{"href":"https:\/\/estudiodaes.es\/en\/wp-json\/wp\/v2\/media?parent=10973"}],"wp:term":[{"taxonomy":"category","embeddable":true,"href":"https:\/\/estudiodaes.es\/en\/wp-json\/wp\/v2\/categories?post=10973"},{"taxonomy":"post_tag","embeddable":true,"href":"https:\/\/estudiodaes.es\/en\/wp-json\/wp\/v2\/tags?post=10973"}],"curies":[{"name":"wp","href":"https:\/\/api.w.org\/{rel}","templated":true}]}}