{"id":10760,"date":"2025-02-13T10:23:40","date_gmt":"2025-02-13T10:23:40","guid":{"rendered":"https:\/\/estudiodaes.es\/?p=10760"},"modified":"2025-02-13T11:05:49","modified_gmt":"2025-02-13T11:05:49","slug":"el-color-negro-en-la-decoracion-2","status":"publish","type":"post","link":"https:\/\/estudiodaes.es\/en\/el-color-negro-en-la-decoracion-2\/","title":{"rendered":"EL COLOR NEGRO EN LA DECORACI\u00d3N"},"content":{"rendered":"<p>El color negro en la decoraci\u00f3n ha sido, durante siglos, sin\u00f3nimo de elegancia, sofisticaci\u00f3n y atemporalidad. En el mundo de la moda, el \u00ablittle black dress\u00bb es una prenda esencial, y en la decoraci\u00f3n de interiores, el negro juega un papel similar: es vers\u00e1til, refinado y capaz de transformar cualquier espacio con su presencia imponente. Aunque muchas personas pueden temer que el negro haga que una habitaci\u00f3n se sienta peque\u00f1a o l\u00fagubre, cuando se usa estrat\u00e9gicamente, puede aportar profundidad, contraste y un aire de lujo incomparable.<\/p>\n<p><a href=\"https:\/\/estudiodaes.es\/wp-content\/uploads\/2025\/02\/Salon-negro.jpeg\"><img loading=\"lazy\" decoding=\"async\" class=\"wp-image-10764 aligncenter\" src=\"https:\/\/estudiodaes.es\/wp-content\/uploads\/2025\/02\/Salon-negro-1073x800.jpeg\" alt=\"salon negro con sofas\" width=\"756\" height=\"564\" title=\"\" srcset=\"https:\/\/estudiodaes.es\/wp-content\/uploads\/2025\/02\/Salon-negro-1073x800.jpeg 1073w, https:\/\/estudiodaes.es\/wp-content\/uploads\/2025\/02\/Salon-negro-536x400.jpeg 536w, https:\/\/estudiodaes.es\/wp-content\/uploads\/2025\/02\/Salon-negro-768x573.jpeg 768w, https:\/\/estudiodaes.es\/wp-content\/uploads\/2025\/02\/Salon-negro.jpeg 1200w\" sizes=\"auto, (max-width: 756px) 100vw, 756px\" \/><\/a><\/p>\n<h2><strong>EL COLOR NEGRO EN LA DECORACI\u00d3N, ELEGANCIA Y SOFISTICACI\u00d3N<\/strong><\/h2>\n<p>El negro es un color neutro que combina bien con pr\u00e1cticamente cualquier otro tono. Aporta una base s\u00f3lida sobre la que se pueden construir diferentes estilos decorativos, desde los m\u00e1s modernos y minimalistas hasta los cl\u00e1sicos y barrocos. Adem\u00e1s, es ideal para crear puntos focales en un ambiente, resaltar detalles arquitect\u00f3nicos o a\u00f1adir un toque de dramatismo y sofisticaci\u00f3n.<\/p>\n<p>Entre las razones principales para incorporar el negro en la decoraci\u00f3n, destacan:<\/p>\n<ol>\n<li><strong>Elegancia y modernidad:<\/strong> Un espacio con detalles en negro transmite un aire de sofisticaci\u00f3n inmediata.<\/li>\n<li><strong>Contraste y profundidad:<\/strong> Al combinarlo con colores claros, se logra un equilibrio visual impactante.<\/li>\n<li><strong>Versatilidad:<\/strong> Puede utilizarse en cualquier estancia del hogar, desde la cocina hasta el dormitorio.<\/li>\n<li><strong>Atm\u00f3sfera acogedora:<\/strong> Si se usa en combinaci\u00f3n con materiales c\u00e1lidos como la madera, puede generar una sensaci\u00f3n de confort.<\/li>\n<\/ol>\n<p><a href=\"https:\/\/estudiodaes.es\/wp-content\/uploads\/2025\/02\/Cocina-negro.jpg\"><img loading=\"lazy\" decoding=\"async\" class=\"wp-image-10765 aligncenter\" src=\"https:\/\/estudiodaes.es\/wp-content\/uploads\/2025\/02\/Cocina-negro-640x800.jpg\" alt=\"Cocina negra y marron\" width=\"581\" height=\"726\" title=\"\" srcset=\"https:\/\/estudiodaes.es\/wp-content\/uploads\/2025\/02\/Cocina-negro-640x800.jpg 640w, https:\/\/estudiodaes.es\/wp-content\/uploads\/2025\/02\/Cocina-negro-320x400.jpg 320w, https:\/\/estudiodaes.es\/wp-content\/uploads\/2025\/02\/Cocina-negro-768x960.jpg 768w, https:\/\/estudiodaes.es\/wp-content\/uploads\/2025\/02\/Cocina-negro-1229x1536.jpg 1229w, https:\/\/estudiodaes.es\/wp-content\/uploads\/2025\/02\/Cocina-negro-1638x2048.jpg 1638w, https:\/\/estudiodaes.es\/wp-content\/uploads\/2025\/02\/Cocina-negro.jpg 2000w\" sizes=\"auto, (max-width: 581px) 100vw, 581px\" \/><\/a><\/p>\n<h2><strong>\u00bfC\u00d3MO INCORPORAR EL NEGRO EN LA DECORACI\u00d3N?<\/strong><\/h2>\n<p>Si bien el color negro en la decoraci\u00f3n es un color poderoso, su correcta aplicaci\u00f3n es clave para evitar que los espacios luzcan demasiado oscuros o pesados. Aqu\u00ed hay algunas formas efectivas de integrarlo:<\/p>\n<h3><strong>1. PAREDES EN NEGRO<\/strong><\/h3>\n<p>Pintar una pared de negro o utilizar <a href=\"https:\/\/www.arte-international.com\/es\" target=\"_blank\" rel=\"noopener\">papel vinilico<\/a> oscuro puede agregar un toque dram\u00e1tico sin que la habitaci\u00f3n se vea sobrecargada. Para que funcione, es recomendable equilibrarlo con muebles y decoraciones en tonos claros o met\u00e1licos.<\/p>\n<h3><strong>2. MUEBLES NEGROS<\/strong><\/h3>\n<p>Un sof\u00e1, una mesa de centro o una estanter\u00eda en negro pueden convertirse en el punto focal de una estancia. Los muebles en negro mate son ideales para espacios modernos, mientras que los de acabado brillante aportan un toque m\u00e1s lujoso.<\/p>\n<h3><strong>3. DETALLES Y ACCESORIOS<\/strong><\/h3>\n<p>Si no quieres comprometerte completamente con el negro en el interiorismo de tu hogar, puedes optar por peque\u00f1os acentos, como cojines, l\u00e1mparas, marcos de cuadros o jarrones. Estos detalles aportan car\u00e1cter sin oscurecer demasiado el ambiente.<\/p>\n<h3><strong>4. COCINAS Y BA\u00d1OS<\/strong><\/h3>\n<p>Las cocinas negras est\u00e1n en auge, especialmente en combinaci\u00f3n con encimeras de m\u00e1rmol blanco o superficies de madera natural. En los ba\u00f1os, el negro en azulejos o grifer\u00eda da un aire elegante y contempor\u00e1neo.<\/p>\n<h3><strong>5. COMBINACIONES GANADORAS<\/strong><\/h3>\n<p>El negro se complementa perfectamente con otros colores y materiales:<\/p>\n<ul>\n<li><strong>Blanco:<\/strong> Para un contraste atemporal y sofisticado.<\/li>\n<li><strong>Dorado o bronce:<\/strong> Aporta un toque de lujo y glamour.<\/li>\n<li><strong>Madera natural:<\/strong> Genera equilibrio y calidez.<\/li>\n<li><strong>Gris y tonos neutros:<\/strong> Para un estilo sobrio y elegante.<\/li>\n<li><strong>Verde oscuro o azul marino:<\/strong> Para una sensaci\u00f3n de profundidad y misterio.<\/li>\n<\/ul>\n<p><a href=\"https:\/\/estudiodaes.es\/wp-content\/uploads\/2025\/02\/Habitacion-con-pared-negra.jpg\"><img loading=\"lazy\" decoding=\"async\" class=\"wp-image-10766 aligncenter\" src=\"https:\/\/estudiodaes.es\/wp-content\/uploads\/2025\/02\/Habitacion-con-pared-negra-1067x800.jpg\" alt=\"Habitaci\u00f3n con pared negra\" width=\"867\" height=\"650\" title=\"\" srcset=\"https:\/\/estudiodaes.es\/wp-content\/uploads\/2025\/02\/Habitacion-con-pared-negra-1067x800.jpg 1067w, https:\/\/estudiodaes.es\/wp-content\/uploads\/2025\/02\/Habitacion-con-pared-negra-533x400.jpg 533w, https:\/\/estudiodaes.es\/wp-content\/uploads\/2025\/02\/Habitacion-con-pared-negra-768x576.jpg 768w, https:\/\/estudiodaes.es\/wp-content\/uploads\/2025\/02\/Habitacion-con-pared-negra.jpg 1200w\" sizes=\"auto, (max-width: 867px) 100vw, 867px\" \/><\/a><\/p>\n<h2><b>CONCLUSIONES<\/b><\/h2>\n<ul>\n<li>Usa una buena iluminaci\u00f3n para evitar que el espacio luzca demasiado oscuro.<\/li>\n<li>Equilibra el negro con tonos m\u00e1s claros o neutros.<\/li>\n<li>Introduce texturas como terciopelo, cuero o madera para a\u00f1adir inter\u00e9s visual.<\/li>\n<li>No sobrecargues la habitaci\u00f3n con negro; a veces, menos es m\u00e1s.<\/li>\n<\/ul>\n<p>En definitiva, el negro es un color poderoso que, bien utilizado, puede transformar cualquier espacio en un ambiente elegante y sofisticado. Atr\u00e9vete a incorporarlo en tu decoraci\u00f3n y disfruta de la belleza y versatilidad que ofrece.<\/p>\n<p>Cualquier consulta, ponte en <a href=\"https:\/\/estudiodaes.es\/en\/\">contacto<\/a> con nosotros.<\/p>","protected":false},"excerpt":{"rendered":"<p>El color negro en la decoraci\u00f3n ha sido, durante siglos, sin\u00f3nimo de elegancia, sofisticaci\u00f3n y atemporalidad. En el mundo de la moda, el \u00ablittle black dress\u00bb es una prenda esencial, y en la decoraci\u00f3n de interiores, el negro juega un papel similar.<\/p>","protected":false},"author":1,"featured_media":10762,"comment_status":"closed","ping_status":"open","sticky":false,"template":"","format":"standard","meta":{"footnotes":""},"categories":[222,17],"tags":[85,74,308],"class_list":["post-10760","post","type-post","status-publish","format-standard","has-post-thumbnail","hentry","category-decoracion-interior","category-estilo","tag-decoracion","tag-interiorismo","tag-negro"],"_links":{"self":[{"href":"https:\/\/estudiodaes.es\/en\/wp-json\/wp\/v2\/posts\/10760","targetHints":{"allow":["GET"]}}],"collection":[{"href":"https:\/\/estudiodaes.es\/en\/wp-json\/wp\/v2\/posts"}],"about":[{"href":"https:\/\/estudiodaes.es\/en\/wp-json\/wp\/v2\/types\/post"}],"author":[{"embeddable":true,"href":"https:\/\/estudiodaes.es\/en\/wp-json\/wp\/v2\/users\/1"}],"replies":[{"embeddable":true,"href":"https:\/\/estudiodaes.es\/en\/wp-json\/wp\/v2\/comments?post=10760"}],"version-history":[{"count":4,"href":"https:\/\/estudiodaes.es\/en\/wp-json\/wp\/v2\/posts\/10760\/revisions"}],"predecessor-version":[{"id":10768,"href":"https:\/\/estudiodaes.es\/en\/wp-json\/wp\/v2\/posts\/10760\/revisions\/10768"}],"wp:featuredmedia":[{"embeddable":true,"href":"https:\/\/estudiodaes.es\/en\/wp-json\/wp\/v2\/media\/10762"}],"wp:attachment":[{"href":"https:\/\/estudiodaes.es\/en\/wp-json\/wp\/v2\/media?parent=10760"}],"wp:term":[{"taxonomy":"category","embeddable":true,"href":"https:\/\/estudiodaes.es\/en\/wp-json\/wp\/v2\/categories?post=10760"},{"taxonomy":"post_tag","embeddable":true,"href":"https:\/\/estudiodaes.es\/en\/wp-json\/wp\/v2\/tags?post=10760"}],"curies":[{"name":"wp","href":"https:\/\/api.w.org\/{rel}","templated":true}]}}